{"id":54,"date":"2015-07-30T04:48:27","date_gmt":"2015-07-30T04:48:27","guid":{"rendered":"http:\/\/www.seznam-novinek.cz.hyperion.blueboard.cz\/?p=54"},"modified":"2018-09-28T20:56:31","modified_gmt":"2018-09-28T20:56:31","slug":"i-zpevak-honza-vancura-vi-ze-vozy-cng-rozhodne-maji-neco-do-sebe","status":"publish","type":"post","link":"https:\/\/www.seznam-novinek.cz\/?p=54","title":{"rendered":"I zp\u011bv\u00e1k Honza Van\u010dura v\u00ed, \u017ee vozy CNG rozhodn\u011b maj\u00ed n\u011bco do sebe"},"content":{"rendered":"<p style=\"text-align: justify;\">Jestli\u017ee si zp\u011bv\u00e1ka zn\u00e1m\u00e9 hudebn\u00ed skupiny Plavci nyn\u00ed spojujete jen jako s\u00a0hlavn\u00edm p\u0159edstavitelem a nadan\u00fdm zp\u011bv\u00e1kem, v\u011b\u0159te, \u017ee po p\u0159e\u010dten\u00ed dne\u0161n\u00edho \u010dl\u00e1nku si k\u00a0n\u011bmu p\u0159id\u00e1te i pozn\u00e1mku, \u017ee je to nejen v\u00e1\u0161niv\u00fd, ale i testovac\u00ed \u0159idi\u010d automobil\u016f s\u00a0pohonem na <span style=\"color: #ff6600;\"><a style=\"color: #ff6600;\" href=\"https:\/\/krasne-bydleni.cz\">zemn\u00ed plyn<\/a><\/span>, kter\u00e9 jsou podstatou n\u00e1sleduj\u00edc\u00edch \u0159\u00e1dk\u016f.<\/p>\n<p style=\"text-align: justify;\">P\u0159esn\u011b tak \u2013 Honza Van\u010dura je samoz\u0159ejm\u011b v\u00fdborn\u00fdm zp\u011bv\u00e1kem a um\u011blcem na tom spr\u00e1vn\u00e9m m\u00edst\u011b, ov\u0161em krom\u011b toho i on s\u00e1m sebe pova\u017euje za v\u00e1\u0161niv\u00e9ho \u0159idi\u010de, kter\u00fd za l\u00e9ta, je\u017e str\u00e1vil za volantem, z\u00edskal celou \u0159adu cenn\u00fdch zku\u0161enost\u00ed. Jeho \u0159idi\u010dsk\u00e1 praxe k\u00a0dne\u0161n\u00ed dob\u011b \u010d\u00edt\u00e1 v\u00edce ne\u017e 3 miliony najet\u00fdch kilometr\u016f \u2013 obdivuhodn\u00e9 \u010d\u00edslo, vi\u010fte? Do t\u00e9to sumy v\u00fdrazn\u011b p\u0159isp\u011bla i jeho nejdel\u0161\u00ed cesta z\u00a0konce 80. let, kdy se Honza rozhodl odjet za svou kamar\u00e1dkou do kr\u00e1sn\u00e9ho, le\u010d vzd\u00e1len\u00e9ho \u0158ecka. Tehdy se tam zdr\u017eel cel\u00fd m\u011bs\u00edc a n\u00e1v\u0161t\u011bvu kamar\u00e1dky p\u0159\u00edjemn\u011b spojil i s\u00a0n\u00e1v\u0161t\u011bvou t\u00e9to zem\u011b, z\u00a0n\u00ed\u017e si p\u0159ivezl nejen vzpom\u00ednky, ale i 5\u00a0500 ujet\u00fdch kilometr\u016f na tachometru.<\/p>\n<p style=\"text-align: justify;\">A mo\u017en\u00e1 to byla pr\u00e1v\u011b jeho \u0159idi\u010dsk\u00e1 praxe, na kter\u00e9 pracuje ji\u017e od roku 1966, kdy poprv\u00e9 usedl za volant automobilu, kter\u00e1 se stala prvotn\u00edm impulsem k\u00a0zapo\u010det\u00ed spolupr\u00e1ce mezi frontmanem skupiny Plavci a spole\u010dnost\u00ed Pra\u017esk\u00e1 plyn\u00e1rensk\u00e1. Ta mu pro testov\u00e1n\u00ed ochotn\u011b zap\u016fj\u010dila jeden z\u00a0voz\u016f ze sv\u00e9 CNG autop\u016fj\u010dovny funguj\u00edc\u00ed ji\u017e od roku 2007. S\u00e1m jej\u00ed p\u0159edstavitel Ing. Pavel Jane\u010dek dod\u00e1v\u00e1, \u017ee p\u016fj\u010dovna funguje p\u0159edev\u0161\u00edm pro z\u00e1jemce o vyu\u017eit\u00ed zemn\u00edho plynu v\u00a0doprav\u011b. Z\u00e1rove\u0148 je\u0161t\u011b zmi\u0148uje, \u017ee st\u00e1le v\u00edce \u0159idi\u010d\u016f, je\u017e okus\u00ed j\u00edzdu v\u00a0CNG voze, dosp\u00edv\u00e1 k rozhodnut\u00ed po\u0159\u00eddit si tento typ vozidla nast\u00e1lo. Motivac\u00ed k\u00a0tomu je i mo\u017enost z\u00edskat od autop\u016fj\u010dovny a jej\u00edch partner\u016f slevu na n\u00e1kup nov\u00e9ho vozidla ve v\u00fd\u0161i a\u017e 35%.<\/p>\n<h2 style=\"text-align: justify;\"><strong>Tankujte bez starost\u00ed <\/strong><\/h2>\n<p style=\"text-align: justify;\">Jednou z\u00a0obav \u0159idi\u010d\u016f <a href=\"https:\/\/centrum-zpravy.cz\/nova-doba-si-zada-nove-reseni-v-podobe-vozu-cng-aneb-za-malo-penez-hodne-muziky-s-honzou-vancurou\/\">CNG vozidla<\/a> je dopl\u0148ov\u00e1n\u00ed paliva. Honza Van\u010dura rovn\u011b\u017e poc\u00edtil pocity nejistoty spojen\u00e9 s\u00a0koncertov\u00e1n\u00edm po cel\u00e9 \u010cesk\u00e9 republice, kdy za jedin\u00fd t\u00fdden ujede a\u017e 900 kilometr\u016f. I jeho toti\u017e napadla my\u0161lenka, zda bude m\u00edt b\u011bhem p\u0159epravy z\u00a0m\u00edsta na m\u00edsto kde doplnit zemn\u00ed plyn. Mus\u00edme v\u00e1s ujistit, \u017ee v\u00a0sou\u010dasn\u00e9 dob\u011b na \u00fazem\u00ed \u010cR naleznete 90 ve\u0159ejn\u00fdch CNG pln\u00edc\u00edch stanic, je\u017e jsou od sebe vzd\u00e1len\u00e9 cca 100 kilometr\u016f a jejich\u017e po\u010det neust\u00e1le roste. I Honza by mohl potvrdit, \u017ee b\u011bhem sv\u00e9ho cestov\u00e1n\u00ed nem\u011bl probl\u00e9m na \u010derpac\u00ed stanici narazit a pohodln\u011b tak plyn doplnit. Cel\u00fd proces toti\u017e nen\u00ed nijak zvl\u00e1\u0161\u0165 odli\u0161n\u00fd od klasick\u00e9ho \u010derp\u00e1n\u00ed pohonn\u00fdch hmot, na kter\u00e9 je v\u011bt\u0161ina z\u00a0v\u00e1s zvykl\u00e1. Dopln\u011bn\u00ed zemn\u00edho plynu tak trv\u00e1 jen o n\u011bco m\u00e1lo minut d\u00e9le a s\u00a0klidn\u00fdm srdcem to hrav\u011b zvl\u00e1dnou i \u0159idi\u010dky.<\/p>\n<h2 style=\"text-align: justify;\"><strong>Jak je to s\u00a0n\u00e1klady?<\/strong><\/h2>\n<p style=\"text-align: justify;\">Dobrou zpr\u00e1vou je, \u017ee j\u00edzda automobilem s\u00a0pohonem na zemn\u00ed plyn je nejen \u0161etrn\u00e1 k\u00a0\u017eivotn\u00edmu prost\u0159ed\u00ed, ale po cenov\u00e9 str\u00e1nce i m\u00e9n\u011b n\u00e1ro\u010dn\u00e1 \u2013 to ocen\u00edte nejen vy, ale i va\u0161e pen\u011b\u017eenka. Obavy Honzy Van\u010dury z\u00a0drah\u00e9ho cestov\u00e1n\u00ed se tak nepotvrdily, nebo\u0165 za jeden kilometr se cena zastavila na jedn\u00e9 korun\u011b a p\u00e1r drobn\u00fdch.<\/p>\n<p style=\"text-align: justify;\"><a href=\"http:\/\/www.seznam-novinek.cz.hyperion.blueboard.cz\/\"><img loading=\"lazy\" decoding=\"async\" class=\" wp-image-55 size-full aligncenter\" src=\"http:\/\/www.seznam-novinek.cz.hyperion.blueboard.cz\/\" alt=\"seznam novinek CNG vozy\" width=\"525\" height=\"362\" \/><\/a><\/p>\n<h2 style=\"text-align: justify;\"><strong>Skv\u011bl\u00e1 dynamika, spousta prostoru a klidn\u00e1 j\u00edzda<\/strong><\/h2>\n<p style=\"text-align: justify;\">Prvn\u00ed stovku ujet\u00fdch kilometr\u016f hodnot\u00ed zp\u011bv\u00e1k Honza Van\u010dura velice pozitivn\u011b a dod\u00e1v\u00e1, \u017ee jako\u017eto zp\u011bv\u00e1k nejv\u00edce oce\u0148uje p\u0159\u00edjemn\u00fd dostatek \u00falo\u017en\u00e9ho prostoru, do kter\u00e9ho hrav\u011b ulo\u017e\u00ed ve\u0161kerou hudebn\u00ed techniku \u2013 co\u017e je d\u00e1no \u0161ikovn\u00fdm um\u00edst\u011bn\u00edm tlakov\u00fdch n\u00e1dob na zemn\u00ed plyn pod podlahu \u2013 a skv\u011blou dynamiku, kter\u00e1 je zn\u00e1t p\u0159edev\u0161\u00edm na d\u00e1lnic\u00edch. Ty Honza b\u011bhem cesty za fanou\u0161ky hojn\u011b vyu\u017e\u00edv\u00e1, tak\u017ee rozhodn\u011b v\u00ed, o \u010dem mluv\u00ed. V\u00fdkon vozidla 110kW mu prop\u016fj\u010duje skv\u011bl\u00e9 j\u00edzdn\u00ed vlastnosti. Pakli\u017ee se v\u00e1m n\u011bkdy stane, \u017ee b\u011bhem cesty p\u0159ejedete pln\u00edc\u00ed stanici a nedopln\u00edte tak palivo, nemus\u00edte se b\u00e1t, \u017ee z\u016fstanete tr\u010det n\u011bkde na p\u016fli cesty. Palubn\u00ed po\u010d\u00edta\u010d v\u00e1s v\u00a0takov\u00e9 chv\u00edli jen upozorn\u00ed, \u017ee za\u010d\u00edn\u00e1 \u010derpat z\u00a0benz\u00ednov\u00e9 n\u00e1dr\u017ee \u2013 a to je dal\u0161\u00ed pozitivn\u00ed vlastnost <a href=\"https:\/\/novinycz.cz\">vozidla CNG<\/a>. Krom\u011b n\u00e1dr\u017ee na zemn\u00ed plyn toti\u017e disponuje i n\u00e1dr\u017e\u00ed benz\u00ednovou ur\u010denou na klasick\u00e9 pohonn\u00e9 hmoty.<\/p>\n","protected":false},"excerpt":{"rendered":"<p>Jestli\u017ee si zp\u011bv\u00e1ka zn\u00e1m\u00e9 hudebn\u00ed skupiny Plavci nyn\u00ed spojujete jen jako s\u00a0hlavn\u00edm p\u0159edstavitelem a nadan\u00fdm zp\u011bv\u00e1kem, v\u011b\u0159te, \u017ee po p\u0159e\u010dten\u00ed dne\u0161n\u00edho \u010dl\u00e1nku si k\u00a0n\u011bmu p\u0159id\u00e1te i pozn\u00e1mku, \u017ee je to nejen v\u00e1\u0161niv\u00fd, ale i testovac\u00ed \u0159idi\u010d automobil\u016f s\u00a0pohonem na zemn\u00ed plyn, kter\u00e9 jsou podstatou n\u00e1sleduj\u00edc\u00edch \u0159\u00e1dk\u016f. P\u0159esn\u011b tak \u2013 Honza Van\u010dura je samoz\u0159ejm\u011b v\u00fdborn\u00fdm zp\u011bv\u00e1kem [&hellip;]<\/p>\n","protected":false},"author":1,"featured_media":64,"comment_status":"open","ping_status":"open","sticky":false,"template":"","format":"standard","meta":{"_sitemap_exclude":false,"_sitemap_priority":"","_sitemap_frequency":"","tdm_status":"","tdm_grid_status":"","footnotes":""},"categories":[2],"tags":[14,15,16],"class_list":["post-54","post","type-post","status-publish","format-standard","has-post-thumbnail","category-novinky","tag-cng","tag-cng-auto","tag-cng-pohon"],"_links":{"self":[{"href":"https:\/\/www.seznam-novinek.cz\/index.php?rest_route=\/wp\/v2\/posts\/54","targetHints":{"allow":["GET"]}}],"collection":[{"href":"https:\/\/www.seznam-novinek.cz\/index.php?rest_route=\/wp\/v2\/posts"}],"about":[{"href":"https:\/\/www.seznam-novinek.cz\/index.php?rest_route=\/wp\/v2\/types\/post"}],"author":[{"embeddable":true,"href":"https:\/\/www.seznam-novinek.cz\/index.php?rest_route=\/wp\/v2\/users\/1"}],"replies":[{"embeddable":true,"href":"https:\/\/www.seznam-novinek.cz\/index.php?rest_route=%2Fwp%2Fv2%2Fcomments&post=54"}],"version-history":[{"count":0,"href":"https:\/\/www.seznam-novinek.cz\/index.php?rest_route=\/wp\/v2\/posts\/54\/revisions"}],"wp:featuredmedia":[{"embeddable":true,"href":"https:\/\/www.seznam-novinek.cz\/index.php?rest_route=\/wp\/v2\/media\/64"}],"wp:attachment":[{"href":"https:\/\/www.seznam-novinek.cz\/index.php?rest_route=%2Fwp%2Fv2%2Fmedia&parent=54"}],"wp:term":[{"taxonomy":"category","embeddable":true,"href":"https:\/\/www.seznam-novinek.cz\/index.php?rest_route=%2Fwp%2Fv2%2Fcategories&post=54"},{"taxonomy":"post_tag","embeddable":true,"href":"https:\/\/www.seznam-novinek.cz\/index.php?rest_route=%2Fwp%2Fv2%2Ftags&post=54"}],"curies":[{"name":"wp","href":"https:\/\/api.w.org\/{rel}","templated":true}]}}