{"id":511,"date":"2013-04-15T19:08:20","date_gmt":"2013-04-15T19:08:20","guid":{"rendered":"http:\/\/aktualitycz.cz\/?p=511"},"modified":"2018-09-28T20:58:43","modified_gmt":"2018-09-28T20:58:43","slug":"stavebni-veletrh-for-arch","status":"publish","type":"post","link":"https:\/\/www.seznam-novinek.cz\/?p=511","title":{"rendered":"Stavebn\u00ed veletrh FOR ARCH"},"content":{"rendered":"<h2><strong>T\u00e9matem leto\u0161n\u00edho stavebn\u00edho veletrhu FOR ARCH jsou \u201erekonstrukce a revitalizace\u201c.<\/strong><\/h2>\n<p>&nbsp;<\/p>\n<p><a href=\"https:\/\/aktualitycz.cz\/wp-content\/uploads\/2013\/04\/FOR-ARCH-2013.jpg\"><img loading=\"lazy\" decoding=\"async\" class=\"alignnone wp-image-512\" src=\"https:\/\/aktualitycz.cz\/wp-content\/uploads\/2013\/04\/FOR-ARCH-2013-300x95.jpg\" alt=\"FOR ARCH 2013\" width=\"300\" height=\"95\" \/><\/a><\/p>\n<p>P\u0159\u00edpravy nejnav\u0161t\u011bvovan\u011bj\u0161\u00ed ud\u00e1losti ve stavebnictv\u00ed v \u010cR, veletrhu FOR ARCH, jedou na plno. Br\u00e1ny PVA EXPO PRAHA se sice otev\u0159ou a\u017e 17. 9. 2013, ale ji\u017e nyn\u00ed organiz\u00e1to\u0159i prozrazuj\u00ed z\u00e1sadn\u00ed informace o programu akce. 24. ro\u010dn\u00edk mezin\u00e1rodn\u00edho stavebn\u00edho veletrhu se letos zam\u011b\u0159\u00ed na aktu\u00e1ln\u00ed t\u00e9ma rekonstrukce a revitalizace budov. Soub\u011b\u017en\u011b prob\u011bhnou tak\u00e9 veletrhy FOR THERM, FOR WOOD, BAZ\u00c9NY,SAUNY&amp;SPA a FOR WASTE.<\/p>\n<p>&nbsp;<\/p>\n<h2><strong>Rekonstrukce od A do Z &#8211; od st\u0159echy po rozvody<\/strong><\/h2>\n<p>&nbsp;<\/p>\n<p>Sou\u010d\u00e1st\u00ed doprovodn\u00e9ho programu veletrhu bude konference \u201eRekonstrukce a revitalizace\u201c, na kter\u00e9 se pod\u00edlej\u00ed v\u0161ichni hlavn\u00ed odborn\u00ed partne\u0159i akce: St\u00e1tn\u00ed fond \u017eivotn\u00edho prost\u0159ed\u00ed \u010cR, St\u00e1tn\u00ed fond rozvoje bydlen\u00ed, Svaz podnikatel\u016f ve stavebnictv\u00ed v \u010cR a \u010cesk\u00e1 komora autorizovan\u00fdch in\u017een\u00fdr\u016f a technik\u016f \u010dinn\u00fdch ve v\u00fdstavb\u011b. Z\u00e1jemci na veletrhu nap\u0159. zjist\u00ed, jak nejl\u00e9pe postupovat p\u0159i v\u00fdm\u011bn\u011b ploch\u00fdch i \u0161ikm\u00fdch st\u0159ech, sedlov\u00fdch st\u0159ech a zhotoven\u00ed nadstavby. Uv\u00edtaj\u00ed rady, jak na rekonstrukci oken, dve\u0159\u00ed \u010di opravu balkon\u016f a lod\u017ei\u00ed. V souvislosti s rostouc\u00edmi n\u00e1klady na energie budou majitele nemovitost\u00ed jist\u011b zaj\u00edmat technologie pro zateplen\u00ed budov a informace o st\u00e1tn\u00edch dotac\u00edch na rekonstrukce.<\/p>\n<p>&nbsp;<\/p>\n<h2><strong>FOR ARCH poprv\u00e9 v nov\u00fdch v\u00fdstavn\u00edch hal\u00e1ch<\/strong><\/h2>\n<p>&nbsp;<\/p>\n<p>Od lo\u0148sk\u00e9ho podzimu jsou v are\u00e1lu PVA EXPO PRAHA v provozu nov\u00e9 v\u00fdstavn\u00ed haly. Tato novinka se letos poprv\u00e9 dotkne tak\u00e9 veletrhu FOR ARCH. V\u00fdrazn\u011b se tak zv\u00fd\u0161\u00ed komfort pro n\u00e1v\u0161t\u011bvn\u00edky i kvalita z\u00e1zem\u00ed pro vystavuj\u00edc\u00ed firmy. Are\u00e1l PVA EXPO PRAHA vloni b\u011bhem p\u011bti veletr\u017en\u00edch dn\u00ed nav\u0161t\u00edvilo t\u00e9m\u011b\u0159 70 000 lid\u00ed, akce se tak stala opakovan\u011b nejnav\u0161t\u011bvovan\u011bj\u0161\u00ed ud\u00e1lost\u00ed ve stavebnictv\u00ed v \u010cR. Po\u010det vystavuj\u00edc\u00edch firem se vloni oproti roku 2011 zv\u00fd\u0161il o 7 % a tento pozitivn\u00ed trend se o\u010dek\u00e1v\u00e1 tak\u00e9 letos.<\/p>\n<p>&nbsp;<\/p>\n<h2><strong>Nab\u00eddka soub\u011b\u017en\u00fdch veletrh\u016f<\/strong><\/h2>\n<p>&nbsp;<\/p>\n<p>Sou\u010dasn\u011b prob\u011bhnou v Let\u0148anech tak\u00e9 veletrhy FOR THERM, FOR WOOD, Baz\u00e9ny, Sauny &amp; SPA a FOR WASTE. Sv\u00fdm zam\u011b\u0159en\u00edm koresponduj\u00ed a dopln\u00ed hlavn\u00ed t\u00e9ma FOR ARCHu. FOR THERM sezn\u00e1m\u00ed n\u00e1v\u0161t\u011bvn\u00edky s aktu\u00e1ln\u00ed nab\u00eddkou tepeln\u00fdch \u010derpadel. Veletrh FOR WOOD se zam\u011b\u0159\u00ed na masivn\u00ed d\u0159evostavby, nap\u0159. sruby, roubenky a vrstven\u00e9 masivn\u00ed d\u0159evo. Motto 8. veletrhu nakl\u00e1d\u00e1n\u00ed s odpady, recyklace, \u010di\u0161t\u011bn\u00ed a ekologie FOR WASTE 2013 zn\u00ed: \u201eRecyklac\u00ed k surovin\u00e1m budoucnosti\u201c.<\/p>\n<p>B\u011bhem FOR ARCHu prob\u011bhne tak\u00e9 fin\u00e1le 17. ro\u010dn\u00edku sout\u011b\u017en\u00ed p\u0159ehl\u00eddky stavebn\u00edch \u0159emesel SUSO.<\/p>\n","protected":false},"excerpt":{"rendered":"<p>T\u00e9matem leto\u0161n\u00edho stavebn\u00edho veletrhu FOR ARCH jsou \u201erekonstrukce a revitalizace\u201c. &nbsp; P\u0159\u00edpravy nejnav\u0161t\u011bvovan\u011bj\u0161\u00ed ud\u00e1losti ve stavebnictv\u00ed v \u010cR, veletrhu FOR ARCH, jedou na plno. Br\u00e1ny PVA EXPO PRAHA se sice otev\u0159ou a\u017e 17. 9. 2013, ale ji\u017e nyn\u00ed organiz\u00e1to\u0159i prozrazuj\u00ed z\u00e1sadn\u00ed informace o programu akce. 24. ro\u010dn\u00edk mezin\u00e1rodn\u00edho stavebn\u00edho veletrhu se letos zam\u011b\u0159\u00ed na aktu\u00e1ln\u00ed [&hellip;]<\/p>\n","protected":false},"author":1,"featured_media":17865,"comment_status":"open","ping_status":"open","sticky":false,"template":"","format":"standard","meta":{"_sitemap_exclude":false,"_sitemap_priority":"","_sitemap_frequency":"","tdm_status":"","tdm_grid_status":"","footnotes":""},"categories":[124],"tags":[167,278,302],"class_list":["post-511","post","type-post","status-publish","format-standard","has-post-thumbnail","category-bydleni","tag-for-arch","tag-stavebni-veletrh","tag-veletrh-stavebnictvi"],"_links":{"self":[{"href":"https:\/\/www.seznam-novinek.cz\/index.php?rest_route=\/wp\/v2\/posts\/511","targetHints":{"allow":["GET"]}}],"collection":[{"href":"https:\/\/www.seznam-novinek.cz\/index.php?rest_route=\/wp\/v2\/posts"}],"about":[{"href":"https:\/\/www.seznam-novinek.cz\/index.php?rest_route=\/wp\/v2\/types\/post"}],"author":[{"embeddable":true,"href":"https:\/\/www.seznam-novinek.cz\/index.php?rest_route=\/wp\/v2\/users\/1"}],"replies":[{"embeddable":true,"href":"https:\/\/www.seznam-novinek.cz\/index.php?rest_route=%2Fwp%2Fv2%2Fcomments&post=511"}],"version-history":[{"count":0,"href":"https:\/\/www.seznam-novinek.cz\/index.php?rest_route=\/wp\/v2\/posts\/511\/revisions"}],"wp:featuredmedia":[{"embeddable":true,"href":"https:\/\/www.seznam-novinek.cz\/index.php?rest_route=\/wp\/v2\/media\/17865"}],"wp:attachment":[{"href":"https:\/\/www.seznam-novinek.cz\/index.php?rest_route=%2Fwp%2Fv2%2Fmedia&parent=511"}],"wp:term":[{"taxonomy":"category","embeddable":true,"href":"https:\/\/www.seznam-novinek.cz\/index.php?rest_route=%2Fwp%2Fv2%2Fcategories&post=511"},{"taxonomy":"post_tag","embeddable":true,"href":"https:\/\/www.seznam-novinek.cz\/index.php?rest_route=%2Fwp%2Fv2%2Ftags&post=511"}],"curies":[{"name":"wp","href":"https:\/\/api.w.org\/{rel}","templated":true}]}}