{"id":328,"date":"2016-10-17T08:13:53","date_gmt":"2016-10-17T08:13:53","guid":{"rendered":"http:\/\/www.seznam-novinek.cz.hyperion.blueboard.cz\/?p=328"},"modified":"2018-09-28T20:58:43","modified_gmt":"2018-09-28T20:58:43","slug":"cisteni-kobercu","status":"publish","type":"post","link":"https:\/\/www.seznam-novinek.cz\/?p=328","title":{"rendered":"\u010ci\u0161t\u011bn\u00ed koberc\u016f"},"content":{"rendered":"<h2>\u010ci\u0161t\u011bn\u00ed koberc\u016f Praha<\/h2>\n<p>\u010ci\u0161t\u011bn\u00ed koberc\u016f je pojem, se kter\u00fdm se setk\u00e1v\u00e1 v\u011bt\u0161ina z\u00a0n\u00e1s. Jedn\u00e1 se toti\u017e o mo\u017enost vy\u010di\u0161t\u011bn\u00ed Va\u0161eho koberce odborn\u00edky, kte\u0159\u00ed pou\u017e\u00edvaj\u00ed to nejnov\u011bj\u0161\u00ed vybaven\u00ed, \u010d\u00edm\u017e garantuj\u00ed bezkonkuren\u010dn\u00ed v\u00fdsledek za tu nejv\u00fdhodn\u011bj\u0161\u00ed cenu. Mokr\u00e9 \u010di\u0161t\u011bn\u00ed koberc\u016f je nejv\u00edce vyu\u017e\u00edv\u00e1no ve velk\u00fdch m\u011bstech, kam pat\u0159\u00ed nap\u0159\u00edklad <span style=\"color: #0000ff;\"><a style=\"color: #0000ff;\" href=\"https:\/\/cistenikoberculiberec.com\/\">\u010di\u0161t\u011bn\u00ed koberc\u016f Liberec<\/a><\/span>, <span style=\"color: #0000ff;\"><a style=\"color: #0000ff;\" href=\"https:\/\/cistenikobercuhradec.com\/\">\u010di\u0161t\u011bn\u00ed koberc\u016f Hradec Kr\u00e1lov\u00e9<\/a><\/span> a <span style=\"color: #0000ff;\"><a style=\"color: #0000ff;\" href=\"https:\/\/www.cistenikobercusedacek.com\/\">\u010di\u0161t\u011bn\u00ed koberc\u016f Praha<\/a><\/span>.<\/p>\n<figure id=\"attachment_329\" aria-describedby=\"caption-attachment-329\" style=\"width: 216px\" class=\"wp-caption alignnone\"><a href=\"http:\/\/www.seznam-novinek.cz.hyperion.blueboard.cz\/wp-content\/uploads\/2016\/10\/z\u00e1clonov\u00e9-\u017ealuzie-1.jpg\"><img loading=\"lazy\" decoding=\"async\" class=\"size-medium wp-image-329\" src=\"http:\/\/www.seznam-novinek.cz.hyperion.blueboard.cz\/wp-content\/uploads\/2016\/10\/z&aacute;clonov&eacute;-\u017ealuzie-1-216x300.jpg\" alt=\"\u010ci\u0161t\u011bn\u00ed koberc\u016f \" width=\"216\" height=\"300\" \/><\/a><figcaption id=\"caption-attachment-329\" class=\"wp-caption-text\">\u010ci\u0161t\u011bn\u00ed koberc\u016f<\/figcaption><\/figure>\n<h2>\u010ci\u0161t\u011bn\u00ed koberc\u016f Hradec Kr\u00e1lov\u00e9<\/h2>\n<p>Jist\u011b V\u00e1s napad\u00e1 ot\u00e1zka, pro\u010d vyu\u017e\u00edvat \u010di\u0161t\u011bn\u00ed koberc\u016f od odborn\u00edk\u016f. N\u00ed\u017ee si uvedeme p\u00e1r d\u016fvod\u016f, pro\u010d se jednou za \u010das vyplat\u00ed V\u00e1\u0161 koberec d\u016fkladn\u011b vy\u010distit. Mo\u017en\u00e1 jste nev\u011bd\u011bli, \u017ee centimetr \u010dtvere\u010dn\u00fd koberce obsahuje a\u017e dv\u011b st\u011b tis\u00edc mikroorganism\u016f, co\u017e je \u010dty\u0159i tis\u00edce kr\u00e1t v\u00edce, ne\u017e je nap\u0159\u00edklad na z\u00e1chodov\u00e9m prk\u00fdnku. Tyto mikroorganismy vznikaj\u00ed d\u00edky p\u0159\u00edtomnosti ko\u017en\u00edch bun\u011bk, n\u00e1poj\u016f a j\u00eddla, prachu, pyl\u016f a dal\u0161\u00edm ne\u010distot\u00e1m, kter\u00e9 se usazuj\u00ed v koberci.<\/p>\n<h2>\u010ci\u0161t\u011bn\u00ed koberc\u016f Praha<\/h2>\n<p>Ne\u010distoty se mohou dostat do vnit\u0159n\u00edho prost\u0159ed\u00ed na\u0161ich byt\u016f tak\u00e9 zavle\u010den\u00edm z obuvi, oble\u010den\u00ed, z dom\u00e1c\u00edch zv\u00ed\u0159at nebo infiltrac\u00ed okny a dve\u0159mi. Proto je nutn\u00e9 tyto ne\u010distoty a mikroorganismy pravideln\u011b odstra\u0148ovat a\u0165 u\u017e pravideln\u00fdm such\u00fdm vys\u00e1v\u00e1n\u00edm, nebo ob\u010dasn\u00fdm hloubkov\u00fdm \u010di\u0161t\u011bn\u00edm mokrou (extrak\u010dn\u00ed) metodou, kter\u00e9 n\u00e1m zajist\u00ed profesion\u00e1ln\u00ed firma. To, \u017ee se n\u00e1m zd\u00e1 koberec na prvn\u00ed pohled \u010dist\u00fd, je\u0161t\u011b neznamen\u00e1, \u017ee se v n\u011bm neskr\u00fdvaj\u00ed \u0161kodliv\u00e9 bakterie.<\/p>\n<h2 style=\"text-align: right;\"><span style=\"font-size: 8pt;\">Redakce <a href=\"https:\/\/press-media.cz\/kontaktni-formular\/\">Press-Media<\/a><\/span><\/h2>\n<h2 style=\"text-align: right;\"><span style=\"font-size: 8pt;\">Doporu\u010duje dal\u0161\u00ed zaj\u00edmav\u00e9 \u010dl\u00e1nky na medi\u00edch<\/span><\/h2>\n<h2 style=\"text-align: right;\"><span style=\"font-size: 8pt;\"><a href=\"https:\/\/ekompetence.cz\/\">eKompetence.cz<\/a><\/span><\/h2>\n<h2 style=\"text-align: right;\"><span style=\"font-size: 8pt;\"><a href=\"https:\/\/stylemag.cz\/\">StyleMag.cz<\/a><\/span><\/h2>\n<h2 style=\"text-align: right;\"><span style=\"font-size: 8pt;\"><a href=\"https:\/\/krasne-bydleni.cz\">In-In.cz<\/a><\/span><\/h2>\n<p>&nbsp;<\/p>\n<p>&nbsp;<\/p>\n","protected":false},"excerpt":{"rendered":"<p>\u010ci\u0161t\u011bn\u00ed koberc\u016f Praha \u010ci\u0161t\u011bn\u00ed koberc\u016f je pojem, se kter\u00fdm se setk\u00e1v\u00e1 v\u011bt\u0161ina z\u00a0n\u00e1s. Jedn\u00e1 se toti\u017e o mo\u017enost vy\u010di\u0161t\u011bn\u00ed Va\u0161eho koberce odborn\u00edky, kte\u0159\u00ed pou\u017e\u00edvaj\u00ed to nejnov\u011bj\u0161\u00ed vybaven\u00ed, \u010d\u00edm\u017e garantuj\u00ed bezkonkuren\u010dn\u00ed v\u00fdsledek za tu nejv\u00fdhodn\u011bj\u0161\u00ed cenu. Mokr\u00e9 \u010di\u0161t\u011bn\u00ed koberc\u016f je nejv\u00edce vyu\u017e\u00edv\u00e1no ve velk\u00fdch m\u011bstech, kam pat\u0159\u00ed nap\u0159\u00edklad \u010di\u0161t\u011bn\u00ed koberc\u016f Liberec, \u010di\u0161t\u011bn\u00ed koberc\u016f Hradec Kr\u00e1lov\u00e9 a [&hellip;]<\/p>\n","protected":false},"author":1,"featured_media":330,"comment_status":"closed","ping_status":"open","sticky":false,"template":"","format":"standard","meta":{"_sitemap_exclude":false,"_sitemap_priority":"","_sitemap_frequency":"","tdm_status":"","tdm_grid_status":"","footnotes":""},"categories":[2],"tags":[122,121],"class_list":["post-328","post","type-post","status-publish","format-standard","has-post-thumbnail","category-novinky","tag-cisteni-kobercu-hradec-kralove","tag-cisteni-kobercu-praha"],"_links":{"self":[{"href":"https:\/\/www.seznam-novinek.cz\/index.php?rest_route=\/wp\/v2\/posts\/328","targetHints":{"allow":["GET"]}}],"collection":[{"href":"https:\/\/www.seznam-novinek.cz\/index.php?rest_route=\/wp\/v2\/posts"}],"about":[{"href":"https:\/\/www.seznam-novinek.cz\/index.php?rest_route=\/wp\/v2\/types\/post"}],"author":[{"embeddable":true,"href":"https:\/\/www.seznam-novinek.cz\/index.php?rest_route=\/wp\/v2\/users\/1"}],"replies":[{"embeddable":true,"href":"https:\/\/www.seznam-novinek.cz\/index.php?rest_route=%2Fwp%2Fv2%2Fcomments&post=328"}],"version-history":[{"count":0,"href":"https:\/\/www.seznam-novinek.cz\/index.php?rest_route=\/wp\/v2\/posts\/328\/revisions"}],"wp:featuredmedia":[{"embeddable":true,"href":"https:\/\/www.seznam-novinek.cz\/index.php?rest_route=\/wp\/v2\/media\/330"}],"wp:attachment":[{"href":"https:\/\/www.seznam-novinek.cz\/index.php?rest_route=%2Fwp%2Fv2%2Fmedia&parent=328"}],"wp:term":[{"taxonomy":"category","embeddable":true,"href":"https:\/\/www.seznam-novinek.cz\/index.php?rest_route=%2Fwp%2Fv2%2Fcategories&post=328"},{"taxonomy":"post_tag","embeddable":true,"href":"https:\/\/www.seznam-novinek.cz\/index.php?rest_route=%2Fwp%2Fv2%2Ftags&post=328"}],"curies":[{"name":"wp","href":"https:\/\/api.w.org\/{rel}","templated":true}]}}