{"id":324,"date":"2016-10-17T06:20:57","date_gmt":"2016-10-17T06:20:57","guid":{"rendered":"http:\/\/www.seznam-novinek.cz.hyperion.blueboard.cz\/?p=324"},"modified":"2018-09-28T20:58:42","modified_gmt":"2018-09-28T20:58:42","slug":"zakladem-uspesneho-stehovani-prvotridni-vozovy-park","status":"publish","type":"post","link":"https:\/\/www.seznam-novinek.cz\/?p=324","title":{"rendered":"Z\u00e1kladem \u00fasp\u011b\u0161n\u00e9ho st\u011bhov\u00e1n\u00ed je prvot\u0159\u00eddn\u00ed vozov\u00fd park"},"content":{"rendered":"<p>Spole\u010dnost Levn\u00e9 st\u011bhov\u00e1n\u00ed Praha poskytuje klient\u016fm \u0161pi\u010dkov\u00e9 st\u011bhovac\u00ed slu\u017eby, kter\u00fdch lze vyu\u017e\u00edt nejen pro st\u011bhov\u00e1n\u00ed dom\u00e1cnost\u00ed, ale tak\u00e9 pro st\u011bhov\u00e1n\u00ed firemn\u00edch prostor a kancel\u00e1\u0159\u00ed. Firma d\u00e1le prov\u00e1d\u00ed vykl\u00edzec\u00ed pr\u00e1ce a likvidace poz\u016fstalost\u00ed. K\u00a0dal\u0161\u00edm prac\u00edm, kter\u00e9 firma spolehliv\u011b zajist\u00ed, pat\u0159\u00ed tak\u00e9 odvoz odpadu a nepot\u0159ebn\u00e9ho vybaven\u00ed. Hlavn\u00ed pozornost v\u0161ak firma up\u00edr\u00e1 na st\u011bhovac\u00ed zak\u00e1zky, kv\u016fli kter\u00fdm disponuje prvot\u0159\u00eddn\u00edm vozov\u00fdm parkem, kter\u00fd je n\u00e1le\u017eit\u011b upraven pro \u00fa\u010dely prov\u00e1d\u011bn\u00ed st\u011bhovac\u00edch zak\u00e1zek. Spole\u010dnost <span style=\"color: #0000ff;\"><a style=\"color: #0000ff;\" href=\"https:\/\/levne-stehovani-praha.com\">Levn\u00e9 st\u011bhov\u00e1n\u00ed Praha<\/a> <\/span>vyu\u017e\u00edv\u00e1 pro st\u011bhov\u00e1n\u00ed \u0161pi\u010dkov\u00e9 spolehliv\u00e9 vozy, kter\u00e9 jsou udr\u017eov\u00e1ny ve vynikaj\u00edc\u00edm technick\u00e9m stavu. Pro men\u0161\u00ed zak\u00e1zky jsou vyu\u017e\u00edv\u00e1ny dod\u00e1vky Fiat Ducato s\u00a0\u00falo\u017en\u00fdm prostorem 11 m3 a Mercedes Sprinter s\u00a0\u00falo\u017en\u00fdm prostorem 16 m3. Pro st\u0159edn\u00ed zak\u00e1zky \u010di pro p\u0159ev\u00e1\u017een\u00ed t\u011b\u017ek\u00fdch b\u0159emen vyu\u017e\u00edv\u00e1 firma p\u0159ev\u00e1\u017en\u011b automobil Iveco Daily, kter\u00fd je vybaven hydraulick\u00fdm \u010delem a \u00falo\u017en\u00fdm prostorem o objemu 24 m3 a automobil Iveco Eurocergo, jen\u017e tak\u00e9 disponuje hydraulick\u00fdm \u010delem a jeho \u00falo\u017en\u00fd prostor m\u00e1 objem 36 m3.<\/p>\n<figure id=\"attachment_325\" aria-describedby=\"caption-attachment-325\" style=\"width: 300px\" class=\"wp-caption alignnone\"><a href=\"http:\/\/www.seznam-novinek.cz.hyperion.blueboard.cz\/wp-content\/uploads\/2016\/10\/sl_1.png\"><img loading=\"lazy\" decoding=\"async\" class=\"size-medium wp-image-325\" src=\"http:\/\/www.seznam-novinek.cz.hyperion.blueboard.cz\/wp-content\/uploads\/2016\/10\/sl_1-300x110.png\" alt=\"St\u011bhov\u00e1n\u00ed\" width=\"300\" height=\"110\" srcset=\"https:\/\/www.seznam-novinek.cz\/wp-content\/uploads\/2016\/10\/sl_1-300x110.png 300w, https:\/\/www.seznam-novinek.cz\/wp-content\/uploads\/2016\/10\/sl_1-768x282.png 768w, https:\/\/www.seznam-novinek.cz\/wp-content\/uploads\/2016\/10\/sl_1.png 980w\" sizes=\"auto, (max-width: 300px) 100vw, 300px\" \/><\/a><figcaption id=\"caption-attachment-325\" class=\"wp-caption-text\">St\u011bhov\u00e1n\u00ed<\/figcaption><\/figure>\n<h2><strong>Zajist\u011bte si st\u011bhov\u00e1n\u00ed u spolehliv\u00e9 firmy<\/strong><\/h2>\n<p>Pro nejn\u00e1ro\u010dn\u011bj\u0161\u00ed zak\u00e1zky pak firma pou\u017e\u00edv\u00e1 n\u00e1kladn\u00ed automobily Mercedes Atego a Scania. Pro odvoz odpadu pak firma zajist\u00ed p\u0159istaven\u00ed pot\u0159ebn\u00e9ho kontejneru. Obdobn\u00e9 slu\u017eby nab\u00edz\u00ed z\u00e1kazn\u00edk\u016fm brn\u011bnsk\u00e1 firma St\u011bhov\u00e1n\u00ed Brno, kter\u00e1 prov\u00e1d\u00ed st\u011bhov\u00e1n\u00ed po cel\u00e9 \u010cesk\u00e9 republice. Tato zku\u0161en\u00e1 rodinn\u00e1 firma si z\u00edskala p\u0159\u00edze\u0148 mnoha z\u00e1kazn\u00edk\u016f d\u00edky sv\u00fdm \u0161pi\u010dkov\u00fdm slu\u017eb\u00e1m, kter\u00e9 dopomohly k\u00a0\u00fasp\u011b\u0161n\u00e9mu proveden\u00ed mnoha st\u011bhov\u00e1n\u00ed. Spole\u010dnost disponuje \u0159\u00e1dn\u00fdm poji\u0161t\u011bn\u00edm, tak\u017ee i v\u00a0p\u0159\u00edpad\u011b vzniku \u0161kody p\u0159i st\u011bhov\u00e1n\u00ed uhrad\u00ed ve\u0161kerou \u0161kodu. <span style=\"color: #0000ff;\"><a style=\"color: #0000ff;\" href=\"https:\/\/www.dymas.cz\/\">St\u011bhov\u00e1n\u00ed Brno<\/a> <\/span>prov\u00e1d\u00ed st\u011bhov\u00e1n\u00ed byt\u016f, dom\u016f, kancel\u00e1\u0159\u00ed i administrativn\u00edch budov a hrav\u011b si porad\u00ed i se st\u011bhov\u00e1n\u00edm t\u011b\u017ek\u00fdch b\u0159emen \u010di citliv\u00fdch p\u0159\u00edstroj\u016f.<\/p>\n<h2 style=\"text-align: right;\"><span style=\"font-size: 8pt;\">Redakce <a href=\"https:\/\/press-media.cz\/kontaktni-formular\/\">Press-Media<\/a><\/span><\/h2>\n<h2 style=\"text-align: right;\"><span style=\"font-size: 8pt;\">Doporu\u010duje dal\u0161\u00ed zaj\u00edmav\u00e9 \u010dl\u00e1nky na medi\u00edch<\/span><\/h2>\n<h2 style=\"text-align: right;\"><span style=\"font-size: 8pt;\"><a href=\"https:\/\/i-clanky.cz\/\">i-\u010cl\u00e1nky.cz<\/a><\/span><\/h2>\n<h2 style=\"text-align: right;\"><span style=\"font-size: 8pt;\"><a href=\"https:\/\/svet-zeny.cz\/\">Sv\u011bt-\u017deny.cz<\/a><\/span><\/h2>\n<h2 style=\"text-align: right;\"><span style=\"font-size: 8pt;\"><a href=\"https:\/\/e-zena.cz\/\">e-\u017dena.cz<\/a><\/span><\/h2>\n<p>&nbsp;<\/p>\n<p>&nbsp;<\/p>\n<p>&nbsp;<\/p>\n<p>&nbsp;<\/p>\n<p>&nbsp;<\/p>\n<p>&nbsp;<\/p>\n","protected":false},"excerpt":{"rendered":"<p>Z\u00e1kladem \u00fasp\u011b\u0161n\u00e9ho st\u011bhov\u00e1n\u00ed je prvot\u0159\u00eddn\u00ed vozov\u00fd park.<\/p>\n","protected":false},"author":1,"featured_media":326,"comment_status":"closed","ping_status":"open","sticky":false,"template":"","format":"standard","meta":{"_sitemap_exclude":false,"_sitemap_priority":"","_sitemap_frequency":"","tdm_status":"","tdm_grid_status":"","footnotes":""},"categories":[2],"tags":[120,119],"class_list":["post-324","post","type-post","status-publish","format-standard","has-post-thumbnail","category-novinky","tag-levne-stehovani-praha","tag-stehovani-brno"],"_links":{"self":[{"href":"https:\/\/www.seznam-novinek.cz\/index.php?rest_route=\/wp\/v2\/posts\/324","targetHints":{"allow":["GET"]}}],"collection":[{"href":"https:\/\/www.seznam-novinek.cz\/index.php?rest_route=\/wp\/v2\/posts"}],"about":[{"href":"https:\/\/www.seznam-novinek.cz\/index.php?rest_route=\/wp\/v2\/types\/post"}],"author":[{"embeddable":true,"href":"https:\/\/www.seznam-novinek.cz\/index.php?rest_route=\/wp\/v2\/users\/1"}],"replies":[{"embeddable":true,"href":"https:\/\/www.seznam-novinek.cz\/index.php?rest_route=%2Fwp%2Fv2%2Fcomments&post=324"}],"version-history":[{"count":0,"href":"https:\/\/www.seznam-novinek.cz\/index.php?rest_route=\/wp\/v2\/posts\/324\/revisions"}],"wp:featuredmedia":[{"embeddable":true,"href":"https:\/\/www.seznam-novinek.cz\/index.php?rest_route=\/wp\/v2\/media\/326"}],"wp:attachment":[{"href":"https:\/\/www.seznam-novinek.cz\/index.php?rest_route=%2Fwp%2Fv2%2Fmedia&parent=324"}],"wp:term":[{"taxonomy":"category","embeddable":true,"href":"https:\/\/www.seznam-novinek.cz\/index.php?rest_route=%2Fwp%2Fv2%2Fcategories&post=324"},{"taxonomy":"post_tag","embeddable":true,"href":"https:\/\/www.seznam-novinek.cz\/index.php?rest_route=%2Fwp%2Fv2%2Ftags&post=324"}],"curies":[{"name":"wp","href":"https:\/\/api.w.org\/{rel}","templated":true}]}}