{"id":20068,"date":"2026-08-20T15:53:38","date_gmt":"2026-08-20T15:53:38","guid":{"rendered":"https:\/\/seznam-novinek.cz\/?p=20068"},"modified":"2026-08-20T15:53:39","modified_gmt":"2026-08-20T15:53:39","slug":"veletrzni-podzim-2026-v-letnanech-prinese-vse-pro-bydleni-trendy-elektromobility-gastro-zazitky-i-tisice-tipu-na-darky","status":"publish","type":"post","link":"https:\/\/www.seznam-novinek.cz\/?p=20068","title":{"rendered":"Veletr\u017en\u00ed podzim 2026 v\u00a0Let\u0148anech p\u0159inese v\u0161e pro bydlen\u00ed, trendy elektromobility, gastro z\u00e1\u017eitky i tis\u00edce tip\u016f na d\u00e1rky"},"content":{"rendered":"\n<p class=\"wp-block-paragraph\">V\u00fdstavn\u00ed are\u00e1l PVA EXPO PRAHA brzy zah\u00e1j\u00ed svou podzimn\u00ed sez\u00f3nu plnou nejv\u00fdznamn\u011bj\u0161\u00edch veletr\u017en\u00edch akc\u00ed v \u010cR, v\u00fdstav, konferenc\u00ed a dal\u0161\u00edch ud\u00e1lost\u00ed. Podzim 2026 v&nbsp;Let\u0148anech bude mimo\u0159\u00e1dn\u011b nabit\u00fd a p\u0159inese spoustu inspirace pro odborn\u00edky mnoha odv\u011btv\u00ed, ale i pro \u0161irokou ve\u0159ejnost v\u0161ech v\u011bkov\u00fdch kategori\u00ed. Prvn\u00ed ud\u00e1lost\u00ed bude veletrh dekorac\u00ed a d\u00e1rkov\u00e9ho zbo\u017e\u00ed FOR DECOR startuj\u00edc\u00ed ji\u017e 9. z\u00e1\u0159\u00ed. Partnerem pro energetiku v\u00fdstavi\u0161t\u011b PVA EXPO PRAHA je spole\u010dnost PKV Build, s.r.o.<\/p>\n\n\n\n<p class=\"wp-block-paragraph\">Veletrhy s&nbsp;mezin\u00e1rodn\u00ed \u00fa\u010dast\u00ed, akce pro odborn\u00edky, profesion\u00e1ly, ale i \u0161irokou ve\u0159ejnost \u010di rodiny s&nbsp;d\u011btmi, \u0161pi\u010dkov\u00e9 technologie, bezplatn\u00e9 konzultace i program na jednom m\u00edst\u011b. To bude podzim na v\u00fdstavi\u0161ti PVA EXPO PRAHA, jeho\u017e sez\u00f3na odstartuje ve st\u0159edu 9. z\u00e1\u0159\u00ed.<\/p>\n\n\n\n<p class=\"wp-block-paragraph\">\u201e<em>Po velmi \u00fasp\u011b\u0161n\u00e9m jaru, kdy jsme zrealizovali nadn\u00e1rodn\u00ed akce s&nbsp;\u00fa\u010dast\u00ed tis\u00edc\u016f vystavovatel\u016f a statis\u00edc\u016f n\u00e1v\u0161t\u011bvn\u00edk\u016f, jsme p\u0159ipraveni na podzimn\u00ed sez\u00f3nu do nejmen\u0161\u00edch detail\u016f. Do konce leto\u0161n\u00edho roku uvedeme \u0161estn\u00e1ct akc\u00ed, a to jak veletrh\u016f a v\u00fdstav, tak spole\u010densk\u00fdch \u010di odborn\u00fdch setk\u00e1n\u00ed. Prezentovat se u n\u00e1s budou tuzemsk\u00e9 i zahrani\u010dn\u00ed firmy se sv\u00fdmi produkty a nov\u00fdmi technologiemi, na konferenc\u00edch a kongresech vystoup\u00ed nejv\u00fdznamn\u011bj\u0161\u00ed odborn\u00edci a dojde nap\u0159\u00edklad i na v\u00fdznamnou ud\u00e1lost ze sv\u011bta m\u00f3dy,\u201c<\/em> \u0159ekl gener\u00e1ln\u00ed \u0159editel organiz\u00e1torsk\u00e9 spole\u010dnosti ABF Martin Franti\u0161ek P\u0159\u00edv\u011btiv\u00fd.<\/p>\n\n\n\n<p class=\"wp-block-paragraph\"><strong>Na co se mohou n\u00e1v\u0161t\u011bvn\u00edci PVA EXPO PRAHA t\u011b\u0161it?<\/strong><\/p>\n\n\n\n<p class=\"wp-block-paragraph\">Z&nbsp;akc\u00ed p\u0159ipravovan\u00fdch spole\u010dnost\u00ed ABF zah\u00e1j\u00ed sez\u00f3nu ji\u017e 9. a 10.&nbsp;z\u00e1\u0159\u00ed kontrakta\u010dn\u00ed veletrh <strong>FOR DECOR<\/strong>, kter\u00fd prezentuje v\u00fdrobce, import\u00e9ry, pracovn\u00edky velkoobchod\u016f, obchodn\u00edky a&nbsp;dal\u0161\u00ed profesion\u00e1ly z oboru. Na expozic\u00edch budou vystaveny produkty z oblasti dekorac\u00ed, d\u00e1rkov\u00e9ho zbo\u017e\u00ed, floristiky, aran\u017eersk\u00e9ho materi\u00e1lu, sv\u00ed\u010dek a bytov\u00fdch v\u016fn\u00ed, delikates, kuchy\u0148sk\u00fdch pot\u0159eb a dal\u0161\u00edch.<\/p>\n\n\n\n<p class=\"wp-block-paragraph\">Pod organiz\u00e1torskou taktovkou ABF prob\u011bhne tak\u00e9 ud\u00edlen\u00ed presti\u017en\u00edch ocen\u011bn\u00ed <strong>ARCHITEKT ROKU<\/strong> a <strong>ARCHITEKT<\/strong> <strong>OBCI<\/strong> a zlat\u00fdm h\u0159ebem prvn\u00edho podzimn\u00edho m\u011bs\u00edce bude mezin\u00e1rodn\u00ed stavebn\u00ed veletrh <strong>FOR<\/strong> <strong>ARCH<\/strong>. Prob\u011bhne ve dnech 16. a\u017e 19. z\u00e1\u0159\u00ed a propoj\u00ed odv\u011btv\u00ed architektury, stavebnictv\u00ed, technick\u00fdch za\u0159\u00edzen\u00ed budov a nov\u00fdch technologi\u00ed s&nbsp;d\u016frazem na energeticky efektivn\u00ed, inteligentn\u00ed a dlouhodob\u011b udr\u017eiteln\u00e9 stavby a projekty. Celkem se v&nbsp;Let\u0148anech p\u0159edstav\u00ed novinky a trendy osmi tematick\u00fdch odborn\u00fdch platforem. Prvn\u00ed den veletrhu bude nav\u00edc spojen s&nbsp;odbornou konferenc\u00ed <strong>F\u00d3RUM<\/strong> <strong>STAVEBNICTV\u00cd<\/strong>, na n\u00ed\u017e budou odborn\u00edci bilancovat uplynul\u00fd rok v&nbsp;oboru a nasti\u0148ovat priority pro jeho budoucnost.<\/p>\n\n\n\n<p class=\"wp-block-paragraph\">Za\u010d\u00e1tek \u0159\u00edjna bude na v\u00fdstavi\u0161ti v\u011bnov\u00e1n beauty sv\u011btu a milovn\u00edk\u016fm jedine\u010dn\u00fdch gastronomick\u00fdch z\u00e1\u017eitk\u016f. V&nbsp;soub\u011bhu se toti\u017e p\u0159edstav\u00ed veletrh kosmetiky, kade\u0159nictv\u00ed, nehtov\u00e9ho designu a p\u00e9\u010de o nohy <strong>FOR BEAUTY<\/strong> a festival modern\u00ed gastronomie, pe\u010den\u00ed a&nbsp;k\u00e1vy <strong>GASTRO SWEET FEST<\/strong>. Nav\u0161t\u00edvit je z\u00e1jemci mohou 2. a 3. \u0159\u00edjna. Spole\u010dn\u011b s&nbsp;nimi zapln\u00ed haly veletrh hra\u010dek, her a pot\u0159eb pro d\u011bti <strong>FOR KIDS<\/strong> a veletrh n\u00e1bytku, interi\u00e9r\u016f a&nbsp;bytov\u00e9ho designu <strong>FOR INTERIOR<\/strong>. Tato dvojice akc\u00ed bude prob\u00edhat o den d\u00e9le, od 2. do 4. \u0159\u00edjna.<\/p>\n\n\n\n<p class=\"wp-block-paragraph\">Listopadu v&nbsp;PVA EXPO PRAHA tradi\u010dn\u011b kraluje nejv\u00fdznamn\u011bj\u0161\u00ed st\u0159edoevropsk\u00fd veletrh \u010dist\u00e9 mobility, technologi\u00ed a \u0159e\u0161en\u00ed pro e-mobilitu <strong>e-SALON<\/strong>. Ten letos nab\u00eddne unik\u00e1tn\u00ed \u010desk\u00e9 premi\u00e9ry vozidel od sv\u011btov\u00fdch zna\u010dek, testovac\u00ed j\u00edzdy i spoustu atraktivn\u00edho doprovodn\u00e9ho programu pro profesion\u00e1ly i \u0161irokou ve\u0159ejnost. Kon\u00e1 se od 12. do 15. listopadu a prvn\u00ed den jej obohat\u00ed osm\u00fd ro\u010dn\u00edk <strong>KONFERENCE \u010cIST\u00c9 MOBILITY<\/strong>, tentokr\u00e1t s&nbsp;t\u00e9matem nov\u00fdch v\u00fdzev pro m\u011bsta a pro pr\u016fmysl. Dne 12. listopadu bude PVA EXPO PRAHA hostit je\u0161t\u011b jednu v\u00fdznamnou ud\u00e1lost, a to konferenci poji\u0161\u0165ovnictv\u00ed <strong>INSURANCE FORUM<\/strong>.<\/p>\n\n\n\n<p class=\"wp-block-paragraph\"><strong>M\u00f3dn\u00ed sv\u00e1tek i tipy na d\u00e1rky<\/strong><\/p>\n\n\n\n<p class=\"wp-block-paragraph\">Ji\u017e 20. listopadu se \u010d\u00e1st v\u00fdstavi\u0161t\u011b stane d\u011bji\u0161t\u011bm jedn\u00e9 z&nbsp;kl\u00ed\u010dov\u00fdch m\u00f3dn\u00edch show v&nbsp;\u010cesk\u00e9 republice, a to legend\u00e1rn\u00ed <strong>CZECH FASHION WEEK GLAMOUR<\/strong>. T\u011b\u0161it se host\u00e9 m\u016f\u017eou na ve\u010der propojuj\u00edc\u00ed eleganci, resort fashion a couture modely, na kter\u00e9m bude slavnostn\u011b uvedena nov\u00e1 kolekce Fashion Island SS27 spole\u010dn\u011b s exkluzivn\u00ed kolekc\u00ed LYANIS Couture.<\/p>\n\n\n\n<p class=\"wp-block-paragraph\">Nabit\u00fd listopad zakon\u010d\u00ed st\u0159edoevropsk\u00fd veletrh autobus\u016f, hromadn\u00e9 dopravy, telematiky a&nbsp;servisn\u00ed techniky <strong>CZECHBUS<\/strong>, jeho\u017e sou\u010d\u00e1st\u00ed bude i workshop p\u0159edstavuj\u00edc\u00ed inovace a&nbsp;budouc\u00ed technologie ve ve\u0159ejn\u00e9 doprav\u011b.<\/p>\n\n\n\n<p class=\"wp-block-paragraph\">Podzimn\u00ed sez\u00f3nu ukon\u010d\u00ed tradi\u010dn\u00ed veletrh d\u00e1rk\u016f, dekorac\u00ed a spot\u0159ebn\u00edho zbo\u017e\u00ed <strong>ST\u0158\u00cdBRN\u00c9<\/strong> <strong>V\u00c1NO\u010cN\u00cd<\/strong> <strong>DNY<\/strong>. Nab\u00eddne tis\u00edce tip\u016f na d\u00e1rky, sv\u00e1te\u010dn\u00ed atmosf\u00e9ru, delikatesy k&nbsp;ochutn\u00e1n\u00ed a&nbsp;atraktivn\u00ed doprovodn\u00fd program pro v\u0161echny \u010dleny rodiny. Prvn\u00ed dotek V\u00e1noc si z\u00e1jemci mohou vychutnat v&nbsp;Let\u0148anech u\u017e v&nbsp;term\u00ednu 3. a\u017e 6. prosince.<\/p>\n\n\n\n<p class=\"wp-block-paragraph\"><strong>Podrobnosti o akc\u00edch najdete na<\/strong> <a href=\"http:\/\/www.pvaexpo.cz\/\"><strong>www.pvaexpo.cz<\/strong><\/a><strong>.<\/strong><\/p>\n","protected":false},"excerpt":{"rendered":"<p>V\u00fdstavn\u00ed are\u00e1l PVA EXPO PRAHA brzy zah\u00e1j\u00ed svou podzimn\u00ed sez\u00f3nu plnou nejv\u00fdznamn\u011bj\u0161\u00edch veletr\u017en\u00edch akc\u00ed v \u010cR, v\u00fdstav, konferenc\u00ed a dal\u0161\u00edch ud\u00e1lost\u00ed. Podzim 2026 v&nbsp;Let\u0148anech bude mimo\u0159\u00e1dn\u011b nabit\u00fd a p\u0159inese spoustu inspirace pro odborn\u00edky mnoha odv\u011btv\u00ed, ale i pro \u0161irokou ve\u0159ejnost v\u0161ech v\u011bkov\u00fdch kategori\u00ed. Prvn\u00ed ud\u00e1lost\u00ed bude veletrh dekorac\u00ed a d\u00e1rkov\u00e9ho zbo\u017e\u00ed FOR DECOR startuj\u00edc\u00ed ji\u017e [&hellip;]<\/p>\n","protected":false},"author":1,"featured_media":20069,"comment_status":"closed","ping_status":"closed","sticky":false,"template":"","format":"standard","meta":{"_sitemap_exclude":false,"_sitemap_priority":"","_sitemap_frequency":"","tdm_status":"","tdm_grid_status":"","footnotes":""},"categories":[445],"tags":[],"class_list":["post-20068","post","type-post","status-publish","format-standard","has-post-thumbnail","category-rady-a-navody"],"_links":{"self":[{"href":"https:\/\/www.seznam-novinek.cz\/index.php?rest_route=\/wp\/v2\/posts\/20068","targetHints":{"allow":["GET"]}}],"collection":[{"href":"https:\/\/www.seznam-novinek.cz\/index.php?rest_route=\/wp\/v2\/posts"}],"about":[{"href":"https:\/\/www.seznam-novinek.cz\/index.php?rest_route=\/wp\/v2\/types\/post"}],"author":[{"embeddable":true,"href":"https:\/\/www.seznam-novinek.cz\/index.php?rest_route=\/wp\/v2\/users\/1"}],"replies":[{"embeddable":true,"href":"https:\/\/www.seznam-novinek.cz\/index.php?rest_route=%2Fwp%2Fv2%2Fcomments&post=20068"}],"version-history":[{"count":1,"href":"https:\/\/www.seznam-novinek.cz\/index.php?rest_route=\/wp\/v2\/posts\/20068\/revisions"}],"predecessor-version":[{"id":20070,"href":"https:\/\/www.seznam-novinek.cz\/index.php?rest_route=\/wp\/v2\/posts\/20068\/revisions\/20070"}],"wp:featuredmedia":[{"embeddable":true,"href":"https:\/\/www.seznam-novinek.cz\/index.php?rest_route=\/wp\/v2\/media\/20069"}],"wp:attachment":[{"href":"https:\/\/www.seznam-novinek.cz\/index.php?rest_route=%2Fwp%2Fv2%2Fmedia&parent=20068"}],"wp:term":[{"taxonomy":"category","embeddable":true,"href":"https:\/\/www.seznam-novinek.cz\/index.php?rest_route=%2Fwp%2Fv2%2Fcategories&post=20068"},{"taxonomy":"post_tag","embeddable":true,"href":"https:\/\/www.seznam-novinek.cz\/index.php?rest_route=%2Fwp%2Fv2%2Ftags&post=20068"}],"curies":[{"name":"wp","href":"https:\/\/api.w.org\/{rel}","templated":true}]}}