{"id":20062,"date":"2026-08-12T19:57:41","date_gmt":"2026-08-12T19:57:41","guid":{"rendered":"https:\/\/seznam-novinek.cz\/?p=20062"},"modified":"2026-08-12T19:57:42","modified_gmt":"2026-08-12T19:57:42","slug":"dekorace-nejsou-jen-na-ozdobu-dokazi-i-zlepsit-naladu","status":"publish","type":"post","link":"https:\/\/www.seznam-novinek.cz\/?p=20062","title":{"rendered":"Dekorace nejsou jen na ozdobu, dok\u00e1\u017e\u00ed i zlep\u0161it n\u00e1ladu"},"content":{"rendered":"\n<p class=\"wp-block-paragraph\"><strong>Sta\u010d\u00ed nov\u00e1 v\u00e1za, v\u00fdrazn\u00fd pol\u0161t\u00e1\u0159, origin\u00e1ln\u00ed lampa nebo obraz a cel\u00fd interi\u00e9r p\u016fsob\u00ed jinak. Dekorace ale nejsou jen drobnosti na ozdobu. Dotv\u00e1\u0159\u00ed atmosf\u00e9ru domova a dok\u00e1\u017e\u00ed i zlep\u0161it n\u00e1ladu jeho obyvatel\u016fm. Jak s&nbsp;nimi pracovat, jak\u00e9 styly a materi\u00e1ly jsou aktu\u00e1ln\u011b v kurzu? Nejen to prozrad\u00ed kontrakta\u010dn\u00ed veletrh FOR DECOR ve dnech 9. a 10. z\u00e1\u0159\u00ed 2026 v PVA EXPO PRAHA. Pr\u00e1v\u011b tam se sejdou profesion\u00e1lov\u00e9 z&nbsp;odv\u011btv\u00ed dekorac\u00ed, floristiky i bytov\u00fdch dopl\u0148k\u016f a d\u00e1rkov\u00e9ho zbo\u017e\u00ed a budou se prezentovat trendy nap\u0159\u00ed\u010d obory.<\/strong><\/p>\n\n\n\n<p class=\"wp-block-paragraph\">Atmosf\u00e9ru domova dok\u00e1\u017e\u00ed v\u00fdrazn\u011b ovlivnit dekorace. Sv\u00edtidla, sv\u00ed\u010dky, zrcadla, obrazy, textilie, \u017eiv\u00e9 kv\u011bty dodaj\u00ed prostoru charakter, teplo a osobn\u00ed p\u0159\u00edb\u011bh. \u201eDekorace jsou dopl\u0148kem, kter\u00fd p\u0159i za\u0159izov\u00e1n\u00ed interi\u00e9ru p\u0159ich\u00e1z\u00ed na \u0159adu jako posledn\u00ed. Ale pr\u00e1v\u011b ony d\u00e1vaj\u00ed interi\u00e9ru jeho kone\u010dnou podobu, osobit\u00fd styl, vdechnou mu du\u0161i. Jako kdy\u017e si obl\u00e9knete \u0161aty a p\u0159id\u00e1te k nim \u0161perk nebo kr\u00e1sn\u00fd m\u00f3dn\u00ed dopln\u011bk. Dekorace interi\u00e9r z\u00fatuln\u00ed a zatepl\u00ed. M\u016f\u017eete s nimi pracovat i p\u0159i \u010dlen\u011bn\u00ed prostoru \u010di jeho optick\u00e9m zv\u011bt\u0161en\u00ed \u010di zmen\u0161en\u00ed. V\u00fdm\u011bnou dekorac\u00ed za\u010d\u00edn\u00e1 ka\u017ed\u00e1 sez\u00f3nn\u00ed nebo sv\u00e1te\u010dn\u00ed prom\u011bna,\u201c uv\u00e1d\u00ed Zuzana St\u00fdblov\u00e1 z&nbsp;Art Deco Atelieru s&nbsp;t\u00edm, \u017ee sou\u010dasn\u00fdm trendem je n\u00e1vrat k&nbsp;p\u0159\u00edrodn\u00edm materi\u00e1l\u016fm, teplej\u0161\u00edm zemit\u00fdm t\u00f3n\u016fm. \u201eVracej\u00ed se n\u011bkter\u00e9 retro trendy, steriln\u00ed dokonalost u\u017e nen\u00ed tak v oblib\u011b. D\u016fraz je kladem na osobitost, n\u00e1paditost, \u00fatulnost, teplo domova, kde se c\u00edt\u00edme p\u0159\u00edjemn\u011b doma a ne jako v hotelov\u00e9m pokoji,\u201c dod\u00e1v\u00e1 odbornice.<\/p>\n\n\n\n<p class=\"wp-block-paragraph\"><strong>Barvy, kter\u00e9 probouz\u00ed emoce<\/strong><\/p>\n\n\n\n<p class=\"wp-block-paragraph\">Zat\u00edmco je\u0161t\u011b p\u0159ed p\u00e1r lety vl\u00e1dly interi\u00e9r\u016fm neutr\u00e1ln\u00ed barvy, dnes je velmi popul\u00e1rn\u00ed trend tzv. dopaminov\u00e9 bydlen\u00ed, kter\u00fd do na\u0161ich domov\u016f vrac\u00ed emoce, hravost, kreativitu a osobitost. N\u00e1zev vych\u00e1z\u00ed z&nbsp;dopaminu, tedy l\u00e1tky v&nbsp;mozku spojovan\u00e9 s&nbsp;pocitem radosti a odm\u011bny. C\u00edlem tohoto stylu je vytvo\u0159it prost\u0159ed\u00ed, ve kter\u00e9m se budeme c\u00edtit dob\u0159e. Typick\u00e9 jsou syt\u00e9 barvy, ne\u010dekan\u00e9 kombinace, vzory. Na jak\u00e9 barvy vsadit? \u017dlut\u00e1 dod\u00e1v\u00e1 energii, oran\u017eov\u00e1 podporuje optimismus, zelen\u00e1 navozuje klid a propojen\u00ed s&nbsp;p\u0159\u00edrodou, modr\u00e1 pom\u00e1h\u00e1 relaxovat. Ale pozor, nemus\u00edte malovat cel\u00fd byt, k&nbsp;o\u017eiven\u00ed interi\u00e9ru sta\u010d\u00ed n\u011bkolik v\u00fdrazn\u00fdch dekorac\u00ed. \u201ePohled na kr\u00e1su je zaru\u010den\u00fdm prost\u0159edkem, jak si zlep\u0161it n\u00e1ladu. Harmonie barev, tvar\u016f a dekorac\u00ed, obl\u00edben\u00e9 osobn\u00ed p\u0159edm\u011bty spojen\u00e9 s p\u0159\u00edjemn\u00fdmi vzpom\u00ednkami a dal\u0161\u00ed drobn\u00e9 detaily p\u016fsob\u00ed na na\u0161e podv\u011bdom\u00ed. P\u0159i dekorov\u00e1n\u00ed prostoru je d\u016fle\u017eit\u00e9 myslet na \u00fa\u010del, ke kter\u00e9mu bude slou\u017eit a pocit, kter\u00fd chceme vyvolat \u2013 uklidn\u011bn\u00ed, radost, o\u017eiven\u00ed,\u201c potvrzuje Zuzana St\u00fdblov\u00e1.<\/p>\n\n\n\n<figure class=\"wp-block-image size-large\"><a href=\"https:\/\/seznam-novinek.cz\/wp-content\/uploads\/2026\/08\/Depositphotos_22188263_L-1.jpg\"><img loading=\"lazy\" decoding=\"async\" width=\"1024\" height=\"756\" src=\"https:\/\/seznam-novinek.cz\/wp-content\/uploads\/2026\/08\/Depositphotos_22188263_L-1-1024x756.jpg\" alt=\"\" class=\"wp-image-20063\" srcset=\"https:\/\/www.seznam-novinek.cz\/wp-content\/uploads\/2026\/08\/Depositphotos_22188263_L-1-1024x756.jpg 1024w, https:\/\/www.seznam-novinek.cz\/wp-content\/uploads\/2026\/08\/Depositphotos_22188263_L-1-300x221.jpg 300w, https:\/\/www.seznam-novinek.cz\/wp-content\/uploads\/2026\/08\/Depositphotos_22188263_L-1-768x567.jpg 768w, https:\/\/www.seznam-novinek.cz\/wp-content\/uploads\/2026\/08\/Depositphotos_22188263_L-1-1536x1134.jpg 1536w, https:\/\/www.seznam-novinek.cz\/wp-content\/uploads\/2026\/08\/Depositphotos_22188263_L-1-150x111.jpg 150w, https:\/\/www.seznam-novinek.cz\/wp-content\/uploads\/2026\/08\/Depositphotos_22188263_L-1-696x514.jpg 696w, https:\/\/www.seznam-novinek.cz\/wp-content\/uploads\/2026\/08\/Depositphotos_22188263_L-1-1068x788.jpg 1068w, https:\/\/www.seznam-novinek.cz\/wp-content\/uploads\/2026\/08\/Depositphotos_22188263_L-1-1920x1417.jpg 1920w, https:\/\/www.seznam-novinek.cz\/wp-content\/uploads\/2026\/08\/Depositphotos_22188263_L-1.jpg 2000w\" sizes=\"auto, (max-width: 1024px) 100vw, 1024px\" \/><\/a><\/figure>\n\n\n\n<p class=\"wp-block-paragraph\"><strong>Origin\u00e1ln\u00ed kousky na m\u00edru<\/strong><\/p>\n\n\n\n<p class=\"wp-block-paragraph\">St\u00e1le obl\u00edben\u011bj\u0161\u00ed jsou i dekorace na m\u00edru. \u201eJsou jedine\u010dn\u00e9 a origin\u00e1ln\u00ed. Maj\u00ed p\u0159esn\u011b ten spr\u00e1vn\u00fd rozm\u011br, jako skv\u011ble padnouc\u00ed oblek. Jsou navr\u017een\u00e9 tak, aby dokonale ladily s konkr\u00e9tn\u00edm interi\u00e9rem i s osobnost\u00ed a \u017eivotn\u00edm stylem jeho majitele. Proto jejich v\u00fdrobu za\u010d\u00edn\u00e1m rozhovorem a mnoha ot\u00e1zkami. Pt\u00e1m se z\u00e1kazn\u00edka, jak\u00fd styl a n\u00e1ladu preferuje, jak\u00e9 barvy a prvky se mu l\u00edb\u00ed. Velmi d\u016fle\u017eitou ot\u00e1zkou je to, \u010demu se v n\u00e1vrhu vyhnout, co z\u00e1kazn\u00edka irituje. Bude-li pot\u0159eba volit dekorace stabiln\u00ed a praktick\u00e9, proto\u017ee jsou v byt\u011b d\u011bti nebo dom\u00e1c\u00ed mazl\u00ed\u010dci,\u201c vysv\u011btluje Zuzana St\u00fdblov\u00e1, jej\u00ed\u017e Art Deco Atelier na podzimn\u00edm veletrhu FOR DECOR p\u0159edstav\u00edm nejen uk\u00e1zky celoro\u010dn\u00edch dekorac\u00ed, ale p\u0159edev\u0161\u00edm origin\u00e1ln\u00edho v\u00e1no\u010dn\u00ed zbo\u017e\u00ed jako jsou v\u011bnce, sv\u00edcny a stoln\u00ed dekorace. Na sv\u00e9 si p\u0159ijdou jak milovn\u00edci klasick\u00e9 v\u00e1no\u010dn\u00ed v\u00fdzdoby, tak i vyznava\u010di \u017ehav\u00fdch novinek.<\/p>\n\n\n\n<p class=\"wp-block-paragraph\"><strong>\u0158ekni to kv\u011btinou&#8230;<\/strong><\/p>\n\n\n\n<p class=\"wp-block-paragraph\">K&nbsp;obl\u00edben\u00fdm dekorac\u00edm pat\u0159\u00ed v&nbsp;\u010desk\u00fdch dom\u00e1cnostech i \u017eiv\u00e9 kv\u011btiny. \u201eNej\u017e\u00e1dan\u011bj\u0161\u00ed jsou hlavn\u011b v l\u00e9t\u011b pivo\u0148ky v\u0161ech barev, hortensie a slune\u010dnice \u2013 velk\u00e9 a ok\u00e1zal\u00e9 kv\u011btiny. St\u00e1le jsou \u017e\u00e1dan\u00e9 r\u016f\u017ee. Romantick\u00e9 du\u0161e vol\u00ed drobnokv\u011bt\u00e9 kv\u011btiny a lu\u010dn\u00ed kv\u00edt\u00ed z \u010desk\u00fdch luk. Z\u00e1le\u017e\u00ed na stylu interi\u00e9ru, kter\u00fd zdob\u00edte. V p\u0159edja\u0159\u00ed a na ja\u0159e pot\u011b\u0161\u00ed pastelov\u00e9 barvy tulip\u00e1n\u016f. Podzim je ve znamen\u00ed chryzant\u00e9m a kr\u00e1lem V\u00e1noc je pro mne u\u017e n\u011bkolik let amarylis, \u0159ezan\u00fd nebo do v\u00fdsadby. Velmi m\u00f3dn\u00ed a \u017e\u00e1dan\u00fd je tak\u00e9 eukalyptus a dal\u0161\u00ed druhy p\u0159\u00edzdob jako jsou traviny, kapradiny, v\u011btvi\u010dky jehli\u010dnan\u016f a listn\u00e1\u010d\u016f,\u201c dod\u00e1v\u00e1 odbornice s&nbsp;t\u00edm, \u017ee k o\u017eiven\u00ed interi\u00e9ru sta\u010d\u00ed jen kytice \u0159ezan\u00fdch \u017eiv\u00fdch kv\u011btin ve v\u00e1ze. V l\u00e9t\u011b bohat\u0161\u00ed, v zim\u011b sta\u010d\u00ed t\u0159eba rychlen\u00e9 tulip\u00e1ny, osv\u011bd\u010den\u00e9 jsou i v\u00fdsadby z jarn\u00edch cibulovin kombinovan\u00e9 se sez\u00f3nn\u00ed dekorac\u00ed. Na veletrhu FOR DECOR nebudou chyb\u011bt ani floristick\u00e9 expozice s&nbsp;nejnov\u011bj\u0161\u00edmi produkty i odborn\u00edky, s&nbsp;nimi\u017e mohou n\u00e1v\u0161t\u011bvn\u00edci konzultovat sv\u00e9 dotazy. Na veletrhu bude zastoupeno i d\u00e1rkov\u00e9 zbo\u017e\u00ed a v&nbsp;neposledn\u00ed \u0159ad\u011b i trendy leto\u0161n\u00edch V\u00e1noc.<\/p>\n","protected":false},"excerpt":{"rendered":"<p>Sta\u010d\u00ed nov\u00e1 v\u00e1za, v\u00fdrazn\u00fd pol\u0161t\u00e1\u0159, origin\u00e1ln\u00ed lampa nebo obraz a cel\u00fd interi\u00e9r p\u016fsob\u00ed jinak. Dekorace ale nejsou jen drobnosti na ozdobu. Dotv\u00e1\u0159\u00ed atmosf\u00e9ru domova a dok\u00e1\u017e\u00ed i zlep\u0161it n\u00e1ladu jeho obyvatel\u016fm. Jak s&nbsp;nimi pracovat, jak\u00e9 styly a materi\u00e1ly jsou aktu\u00e1ln\u011b v kurzu? Nejen to prozrad\u00ed kontrakta\u010dn\u00ed veletrh FOR DECOR ve dnech 9. a 10. z\u00e1\u0159\u00ed [&hellip;]<\/p>\n","protected":false},"author":1,"featured_media":20064,"comment_status":"closed","ping_status":"closed","sticky":false,"template":"","format":"standard","meta":{"_sitemap_exclude":false,"_sitemap_priority":"","_sitemap_frequency":"","tdm_status":"","tdm_grid_status":"","footnotes":""},"categories":[124],"tags":[],"class_list":["post-20062","post","type-post","status-publish","format-standard","has-post-thumbnail","category-bydleni"],"_links":{"self":[{"href":"https:\/\/www.seznam-novinek.cz\/index.php?rest_route=\/wp\/v2\/posts\/20062","targetHints":{"allow":["GET"]}}],"collection":[{"href":"https:\/\/www.seznam-novinek.cz\/index.php?rest_route=\/wp\/v2\/posts"}],"about":[{"href":"https:\/\/www.seznam-novinek.cz\/index.php?rest_route=\/wp\/v2\/types\/post"}],"author":[{"embeddable":true,"href":"https:\/\/www.seznam-novinek.cz\/index.php?rest_route=\/wp\/v2\/users\/1"}],"replies":[{"embeddable":true,"href":"https:\/\/www.seznam-novinek.cz\/index.php?rest_route=%2Fwp%2Fv2%2Fcomments&post=20062"}],"version-history":[{"count":1,"href":"https:\/\/www.seznam-novinek.cz\/index.php?rest_route=\/wp\/v2\/posts\/20062\/revisions"}],"predecessor-version":[{"id":20065,"href":"https:\/\/www.seznam-novinek.cz\/index.php?rest_route=\/wp\/v2\/posts\/20062\/revisions\/20065"}],"wp:featuredmedia":[{"embeddable":true,"href":"https:\/\/www.seznam-novinek.cz\/index.php?rest_route=\/wp\/v2\/media\/20064"}],"wp:attachment":[{"href":"https:\/\/www.seznam-novinek.cz\/index.php?rest_route=%2Fwp%2Fv2%2Fmedia&parent=20062"}],"wp:term":[{"taxonomy":"category","embeddable":true,"href":"https:\/\/www.seznam-novinek.cz\/index.php?rest_route=%2Fwp%2Fv2%2Fcategories&post=20062"},{"taxonomy":"post_tag","embeddable":true,"href":"https:\/\/www.seznam-novinek.cz\/index.php?rest_route=%2Fwp%2Fv2%2Ftags&post=20062"}],"curies":[{"name":"wp","href":"https:\/\/api.w.org\/{rel}","templated":true}]}}