{"id":19919,"date":"2026-01-17T07:46:09","date_gmt":"2026-01-17T07:46:09","guid":{"rendered":"https:\/\/seznam-novinek.cz\/?p=19919"},"modified":"2026-01-17T07:46:10","modified_gmt":"2026-01-17T07:46:10","slug":"pujcka-pro-osvc-mi-prinesla-velmi-rychlou-odpoved","status":"publish","type":"post","link":"https:\/\/www.seznam-novinek.cz\/?p=19919","title":{"rendered":"P\u016fj\u010dka pro OSV\u010c mi p\u0159inesla velmi rychlou odpov\u011b\u010f"},"content":{"rendered":"\n<p class=\"wp-block-paragraph\">Tak\u00e9 jste n\u011bkdy \u0159e\u0161ili ne\u010dekan\u00e9 v\u00fddaje ve sv\u00e9m podnik\u00e1n\u00ed? Pravda, je to ot\u00e1zka, j\u00ed\u017e si n\u011bkdy polo\u017eil snad ka\u017ed\u00fd, zvl\u00e1\u0161t\u011b ti, co jsou aktivn\u00ed u\u017e dlouh\u00e9 roky. Nev\u011bd\u011bl jsem, jak odpov\u011bd\u011bt, proto\u017ee m\u011b to cel\u00e9 hodn\u011b zasko\u010dilo. Objevil jsem ale nab\u00eddku kr\u00e1tkodob\u00e9ho \u00fav\u011bru s&nbsp;minimem podm\u00ednek, kter\u00fd mi p\u0159inesl pocit \u00falevy. Jedn\u00e1n\u00ed toti\u017e bylo skute\u010dn\u011b bleskov\u00e9 a mus\u00edm \u0159\u00edci, \u017ee jsem byl mile p\u0159ekvapen\u00fd. \u00dav\u011brov\u00fd trh jsem do t\u00e9 doby p\u0159\u00edli\u0161 neznal. Bez \u010dek\u00e1n\u00ed, dlouh\u00e9 smlouvy nebo telefon\u00e1t\u016f, ano, pot\u011b\u0161ilo m\u011b, jak se v\u0161echno vy\u0159e\u0161ilo. A o jakou \u010d\u00e1stku jsem tehdy vlastn\u011b \u017e\u00e1dal? Mimochodem, je to u\u017e p\u011bt m\u011bs\u00edc\u016f.<\/p>\n\n\n\n<h2 class=\"wp-block-heading\"><strong>A\u017e t\u0159icet tis\u00edcovek na cokoliv<\/strong><\/h2>\n\n\n\n<p class=\"wp-block-paragraph\">Jak vlastn\u011b vypad\u00e1 <a href=\"https:\/\/www.openfactor.cz\/pujcka-pro-osvc\">p\u016fj\u010dka pro OSV\u010c<\/a>? Pot\u011b\u0161ila m\u011b flexibilita, proto\u017ee i kdy\u017e jsem si vybral deset tis\u00edc korun na 7 dn\u00ed, mohl jsem si zvolit tak\u00e9 \u00fapln\u011b jin\u00fd sc\u00e9n\u00e1\u0159. Jednodu\u0161e \u0159e\u010deno, \u010d\u00edsla tady mluv\u00ed jasn\u011b a OpenFactor je r\u00e1d podrobn\u011b p\u0159edstav\u00ed. Toti\u017e, jak by \u0159ekl klasik, ka\u017ed\u00fd z\u00e1jemce o \u00fav\u011bry si vyb\u00edr\u00e1 hlavn\u011b podle \u010d\u00edsel, nebo snad ne? Velk\u00fdm plusem je, \u017ee si lze p\u016fj\u010dit naprosto na v\u0161e, co uznaj\u00ed klienti za vhodn\u00e9. Rozvoj vlastn\u00edho podnikatelsk\u00e9ho z\u00e1m\u011bru m\u016f\u017ee m\u00edt p\u0159ece mnoho r\u016fzn\u00fdch podob, nic nen\u00ed t\u0159eba vysv\u011btlovat. Pro\u010d tak\u00e9? Znamenalo by to jen kolonku nav\u00edc.<\/p>\n\n\n\n<ul class=\"wp-block-list\">\n<li>5\u00a0000 K\u010d je minim\u00e1ln\u00ed obnos, kter\u00fd je tady ve h\u0159e.<\/li>\n\n\n\n<li>30\u00a0000 K\u010d je maximum, o v\u011bt\u0161\u00ed \u010d\u00e1stku \u017e\u00e1dat nelze.<\/li>\n\n\n\n<li>Splatnost je nastaviteln\u00e1 v\u00a0rozmez\u00ed 7 a 30 dn\u00ed.<\/li>\n<\/ul>\n\n\n\n<h2 class=\"wp-block-heading\"><strong>Jak vypad\u00e1 odpov\u011bdn\u00ed formul\u00e1\u0159?<\/strong><\/h2>\n\n\n\n<p class=\"wp-block-paragraph\">P\u0159edstavit se a uv\u00e9st platn\u00e9 I\u010cO, kter\u00e9 bude n\u00e1sledn\u011b ov\u011b\u0159en\u00e9. Ano, tohle je vlastn\u011b v\u0161echno! Ano, pamatuji si, \u017ee byl formul\u00e1\u0159 opravdu kr\u00e1tk\u00fd a zabral mi jen okam\u017eik. <a href=\"https:\/\/www.openfactor.cz\/podnikatelska-pujcka\">P\u016fj\u010dka pro podnikatele<\/a> m\u00e1 toti\u017e jednoduchost a\u017e na prvn\u00edm m\u00edst\u011b. Ka\u017ed\u00fd z\u00e1jemce m\u016f\u017ee napsat p\u0159\u00edb\u011bh tak, jak mu aktu\u00e1ln\u011b vyhovuje. Ostatn\u011b, j\u00e1 jsem tak\u00e9 \u017e\u00e1dal u\u017e dvakr\u00e1t a v\u017edy jsem byl velmi spokojen. Mohu tuto nab\u00eddku jen doporu\u010dit!<\/p>\n","protected":false},"excerpt":{"rendered":"<p>Tak\u00e9 jste n\u011bkdy \u0159e\u0161ili ne\u010dekan\u00e9 v\u00fddaje ve sv\u00e9m podnik\u00e1n\u00ed? Pravda, je to ot\u00e1zka, j\u00ed\u017e si n\u011bkdy polo\u017eil snad ka\u017ed\u00fd, zvl\u00e1\u0161t\u011b ti, co jsou aktivn\u00ed u\u017e dlouh\u00e9 roky. Nev\u011bd\u011bl jsem, jak odpov\u011bd\u011bt, proto\u017ee m\u011b to cel\u00e9 hodn\u011b zasko\u010dilo. Objevil jsem ale nab\u00eddku kr\u00e1tkodob\u00e9ho \u00fav\u011bru s&nbsp;minimem podm\u00ednek, kter\u00fd mi p\u0159inesl pocit \u00falevy. Jedn\u00e1n\u00ed toti\u017e bylo skute\u010dn\u011b bleskov\u00e9 [&hellip;]<\/p>\n","protected":false},"author":1,"featured_media":19920,"comment_status":"closed","ping_status":"closed","sticky":false,"template":"","format":"standard","meta":{"_sitemap_exclude":false,"_sitemap_priority":"","_sitemap_frequency":"","tdm_status":"","tdm_grid_status":"","footnotes":""},"categories":[126],"tags":[],"class_list":["post-19919","post","type-post","status-publish","format-standard","has-post-thumbnail","category-ekonomika"],"_links":{"self":[{"href":"https:\/\/www.seznam-novinek.cz\/index.php?rest_route=\/wp\/v2\/posts\/19919","targetHints":{"allow":["GET"]}}],"collection":[{"href":"https:\/\/www.seznam-novinek.cz\/index.php?rest_route=\/wp\/v2\/posts"}],"about":[{"href":"https:\/\/www.seznam-novinek.cz\/index.php?rest_route=\/wp\/v2\/types\/post"}],"author":[{"embeddable":true,"href":"https:\/\/www.seznam-novinek.cz\/index.php?rest_route=\/wp\/v2\/users\/1"}],"replies":[{"embeddable":true,"href":"https:\/\/www.seznam-novinek.cz\/index.php?rest_route=%2Fwp%2Fv2%2Fcomments&post=19919"}],"version-history":[{"count":1,"href":"https:\/\/www.seznam-novinek.cz\/index.php?rest_route=\/wp\/v2\/posts\/19919\/revisions"}],"predecessor-version":[{"id":19921,"href":"https:\/\/www.seznam-novinek.cz\/index.php?rest_route=\/wp\/v2\/posts\/19919\/revisions\/19921"}],"wp:featuredmedia":[{"embeddable":true,"href":"https:\/\/www.seznam-novinek.cz\/index.php?rest_route=\/wp\/v2\/media\/19920"}],"wp:attachment":[{"href":"https:\/\/www.seznam-novinek.cz\/index.php?rest_route=%2Fwp%2Fv2%2Fmedia&parent=19919"}],"wp:term":[{"taxonomy":"category","embeddable":true,"href":"https:\/\/www.seznam-novinek.cz\/index.php?rest_route=%2Fwp%2Fv2%2Fcategories&post=19919"},{"taxonomy":"post_tag","embeddable":true,"href":"https:\/\/www.seznam-novinek.cz\/index.php?rest_route=%2Fwp%2Fv2%2Ftags&post=19919"}],"curies":[{"name":"wp","href":"https:\/\/api.w.org\/{rel}","templated":true}]}}