{"id":19910,"date":"2025-11-08T09:31:51","date_gmt":"2025-11-08T09:31:51","guid":{"rendered":"https:\/\/seznam-novinek.cz\/?p=19910"},"modified":"2025-11-08T09:31:52","modified_gmt":"2025-11-08T09:31:52","slug":"turistika-v-turecku-krajina-ktera-te-vtahne-do-pribehu","status":"publish","type":"post","link":"https:\/\/www.seznam-novinek.cz\/?p=19910","title":{"rendered":"Turistika v Turecku &#8211; krajina, kter\u00e1 t\u011b vt\u00e1hne do p\u0159\u00edb\u011bhu"},"content":{"rendered":"\n<p class=\"wp-block-paragraph\">Kdy\u017e se \u0159ekne <a href=\"https:\/\/www.frcime.cz\/nenarocna-turistika-a-vylety\/turecko-lykijska-stezka\">Turecko turistika<\/a>, m\u00e1lokdo si hned vybav\u00ed, \u017ee tahle zem\u011b je doslova stvo\u0159en\u00e1 pro p\u011b\u0161\u00ed v\u00fdlety. Lid\u00e9 sem \u010dasto m\u00ed\u0159\u00ed kv\u016fli slunci, mo\u0159i a pohod\u011b, ale ti, kdo se vydaj\u00ed mimo ru\u0161n\u00e9 hotely, objev\u00ed \u00fapln\u011b jin\u00fd sv\u011bt. Sv\u011bt, kde se dotkne\u0161 starov\u011bk\u00fdch kamen\u016f, kde se cesta vine mezi olivovn\u00edky a kde horizont nikdy nekon\u010d\u00ed.<\/p>\n\n\n\n<p class=\"wp-block-paragraph\">Turistika v Turecku nen\u00ed jen o pohybu, ale o z\u00e1\u017eitku. Ka\u017ed\u00fd krok t\u011b vede bl\u00ed\u017e k pozn\u00e1n\u00ed t\u00e9to rozmanit\u00e9 zem\u011b, kde se setk\u00e1v\u00e1 Asie s Evropou, a minulost se dot\u00fdk\u00e1 p\u0159\u00edtomnosti. Kdy\u017e stoup\u00e1\u0161 po kamenit\u00fdch stezk\u00e1ch, kter\u00e9 se st\u00e1\u010d\u00ed k mo\u0159i, m\u00e1\u0161 pocit, \u017ee kr\u00e1\u010d\u00ed\u0161 po stop\u00e1ch d\u00e1vn\u00fdch poutn\u00edk\u016f.<\/p>\n\n\n\n<h2 class=\"wp-block-heading\">Turecko Lykie \u2013 kde se dotkne\u0161 historie i nebe<\/h2>\n\n\n\n<p class=\"wp-block-paragraph\">Cestovatel\u00e9, kte\u0159\u00ed hledaj\u00ed autenticitu, by m\u011bli zam\u00ed\u0159it na jih zem\u011b. Pr\u00e1v\u011b tam se rozkl\u00e1d\u00e1 oblast, kterou si zamiluje ka\u017ed\u00fd, kdo tou\u017e\u00ed po tichu, p\u0159\u00edrod\u011b a smyslupln\u00e9m putov\u00e1n\u00ed. \u0158\u00edk\u00e1 se j\u00ed <a href=\"https:\/\/www.frcime.cz\/nenarocna-turistika-a-vylety\/turecko-lykijska-stezka\">Turecko. Lykie<\/a> byla kdysi domovem vysp\u011bl\u00e9 civilizace, kter\u00e1 po sob\u011b zanechala hrobky vytesan\u00e9 do sk\u00e1ly, amfite\u00e1try i m\u011bsta d\u00e1vno pohlcen\u00e1 vegetac\u00ed.<\/p>\n\n\n\n<p class=\"wp-block-paragraph\">Dne\u0161n\u00ed Turecko Lykie nab\u00edz\u00ed nejen historick\u00e9 pam\u00e1tky, ale i n\u00e1dhern\u00e9 pob\u0159e\u017e\u00ed, p\u0159\u00edrodn\u00ed rezervace a p\u0159\u00edv\u011btiv\u00e9 vesnice, kde t\u011b m\u00edstn\u00ed p\u0159iv\u00edtaj\u00ed \u010dajem a \u00fasm\u011bvem. Je to oblast, kde si modern\u00ed cestovatel p\u0159ipad\u00e1 jako objevitel. Ka\u017ed\u00e9 r\u00e1no za\u010d\u00edn\u00e1 jinak \u2013 n\u011bkdy v\u00fdhledem na tyrkysov\u00e9 mo\u0159e, jindy zp\u011bvem kohout\u016f v hor\u00e1ch.<\/p>\n\n\n\n<h2 class=\"wp-block-heading\">L\u00fdkijsk\u00e1 stezka v Turecku \u2013 v\u00fdzva i meditace<\/h2>\n\n\n\n<p class=\"wp-block-paragraph\">Pokud existuje cesta, kter\u00e1 dokonale vystihuje ducha tureck\u00e9 p\u0159\u00edrody, pak je to <a href=\"https:\/\/www.frcime.cz\/nenarocna-turistika-a-vylety\/turecko-lykijska-stezka\">L\u00fdkijsk\u00e1 stezka<\/a> v Turecku. V\u00edce ne\u017e 500 kilometr\u016f dlouh\u00e1 trasa spojuje horsk\u00e9 vesni\u010dky s mo\u0159sk\u00fdm pob\u0159e\u017e\u00edm a pat\u0159\u00ed mezi deset nejkr\u00e1sn\u011bj\u0161\u00edch turistick\u00fdch cest na sv\u011bt\u011b.<\/p>\n\n\n\n<p class=\"wp-block-paragraph\">Za\u010d\u00edn\u00e1 u m\u011bsta Fethiye a t\u00e1hne se a\u017e k Antalyi. Na cest\u011b potk\u00e1\u0161 v\u0161echno \u2013 prudk\u00e9 v\u00fdstupy, klidn\u00e9 borov\u00e9 lesy, i m\u00edsta, kde se stezka vine jen p\u00e1r metr\u016f nad \u00fatesy. A pr\u00e1v\u011b tam se uk\u00e1\u017ee kouzlo cel\u00e9ho putov\u00e1n\u00ed. V\u00edtr ti \u010dechr\u00e1 vlasy, mo\u0159e pod tebou zp\u00edv\u00e1 a ty si uv\u011bdom\u00ed\u0161, \u017ee nepot\u0159ebuje\u0161 \u017e\u00e1dn\u00fd c\u00edl \u2013 sta\u010d\u00ed j\u00edt.<\/p>\n\n\n\n<p class=\"wp-block-paragraph\">Pro mnoho lid\u00ed je L\u00fdkijsk\u00e1 stezka v Turecku v\u00edc ne\u017e dovolen\u00e1. Je to o\u010distn\u00e1 zku\u0161enost. Den po dni nach\u00e1z\u00ed\u0161 rytmus, kter\u00fd t\u011b spojuje s p\u0159\u00edrodou i se sebou sam\u00fdm.<\/p>\n\n\n\n<h2 class=\"wp-block-heading\">Turecko cestov\u00e1n\u00ed: kultura, j\u00eddlo a lid\u00e9<\/h2>\n\n\n\n<p class=\"wp-block-paragraph\">Kdo \u0159ekl, \u017ee turecko cestov\u00e1n\u00ed je jen o turistick\u00fdch letovisc\u00edch, nikdy se nepro\u0161el po m\u00edstn\u00edm trhu. Barvy, v\u016fn\u011b, chaos \u2013 a p\u0159esto v tom v\u0161em klid. Turecko je zem\u011b, kde t\u011b ciz\u00ed lid\u00e9 pozvou na \u010daj, jen aby si popov\u00eddali. Kde si m\u016f\u017ee\u0161 koupit gran\u00e1tov\u00e9 jablko p\u0159\u00edmo ze zahrady a kde t\u011b na ka\u017ed\u00e9m kroku p\u0159ekvap\u00ed ne\u010dekan\u00e9 dobrodru\u017estv\u00ed.<\/p>\n\n\n\n<p class=\"wp-block-paragraph\">Pokud se vyd\u00e1\u0161 do hor, m\u016f\u017ee\u0161 sp\u00e1t v jednoduch\u00fdch penzionech, ale i pod \u0161ir\u00fdm nebem. M\u00edstn\u00ed kuchyn\u011b t\u011b bude h\u00fd\u010dkat \u2013 \u010derstv\u00e9 s\u00fdry, olivy, chl\u00e9b a siln\u00e1 k\u00e1va ti dodaj\u00ed energii na dal\u0161\u00ed den. A pokud bude\u0161 m\u00edt \u0161t\u011bst\u00ed, naraz\u00ed\u0161 i na nom\u00e1dy, kte\u0159\u00ed t\u011b pozvou do sv\u00e9ho stanu a uk\u00e1\u017eou ti, \u017ee pohostinnost m\u00e1 v Turecku \u00fapln\u011b jin\u00fd v\u00fdznam.<\/p>\n\n\n\n<h2 class=\"wp-block-heading\">Pro\u010d se vyplat\u00ed objevovat Turecko p\u011b\u0161ky<\/h2>\n\n\n\n<p class=\"wp-block-paragraph\">Turistika d\u00e1v\u00e1 svobodu, kterou auto nebo autobus nikdy nenab\u00eddnou. Ka\u017ed\u00fd krok m\u00e1 v\u00e1hu, ka\u017ed\u00fd dech c\u00edt\u00ed\u0161 naplno. A pr\u00e1v\u011b to je d\u016fvod, pro\u010d Turecko turistika l\u00e1k\u00e1 \u010d\u00edm d\u00e1l v\u00edc lid\u00ed.<\/p>\n\n\n\n<p class=\"wp-block-paragraph\">Putov\u00e1n\u00ed ti umo\u017en\u00ed:<\/p>\n\n\n\n<ul class=\"wp-block-list\">\n<li>Vid\u011bt detaily, kter\u00e9 bys jinak p\u0159ehl\u00e9dl \u2013 kv\u011btiny, kameny, zv\u00ed\u0159ata.<\/li>\n\n\n\n<li>Zastavit se, kdykoli chce\u0161 \u2013 na \u010daj, na fotku nebo jen tak.<\/li>\n\n\n\n<li>Nas\u00e1t atmosf\u00e9ru \u2013 klid venkova, \u0161um\u011bn\u00ed mo\u0159e, modr\u00e9 nebe.<\/li>\n\n\n\n<li>Pochopit zemi \u2013 ne z pohledu turisty, ale poutn\u00edka.<\/li>\n<\/ul>\n\n\n\n<p class=\"wp-block-paragraph\">A\u0165 u\u017e jde\u0161 s batohem s\u00e1m nebo s partou p\u0159\u00e1tel, ka\u017ed\u00fd kilometr ti n\u011bco d\u00e1.<\/p>\n\n\n\n<h2 class=\"wp-block-heading\">Kdy vyrazit a co o\u010dek\u00e1vat<\/h2>\n\n\n\n<p class=\"wp-block-paragraph\">Nejlep\u0161\u00ed obdob\u00ed pro turistiku v Turecku je jaro nebo podzim. Tehdy je po\u010das\u00ed ide\u00e1ln\u00ed \u2013 ne moc horko, ale st\u00e1le dost teplo na koup\u00e1n\u00ed. V l\u00e9t\u011b m\u016f\u017ee b\u00fdt n\u00e1ro\u010dn\u00e9 proch\u00e1zet horsk\u00e9 \u00faseky, zat\u00edmco zimn\u00ed m\u011bs\u00edce p\u0159in\u00e1\u0161ej\u00ed chlad, ale i klid.<\/p>\n\n\n\n<p class=\"wp-block-paragraph\">V\u011bt\u0161ina tras je dob\u0159e zna\u010den\u00e1, a pokud m\u00e1\u0161 z\u00e1kladn\u00ed orienta\u010dn\u00ed smysl, obejde\u0161 se bez pr\u016fvodce. P\u0159esto se vyplat\u00ed m\u00edt offline mapu a dostatek vody. Turecko je sice p\u0159\u00edv\u011btiv\u00e9, ale p\u0159\u00edroda um\u00ed b\u00fdt tvrdohlav\u00e1.<\/p>\n\n\n\n<h3 class=\"wp-block-heading\">Praktick\u00e9 tipy na cestu<\/h3>\n\n\n\n<ul class=\"wp-block-list\">\n<li>Respektuj m\u00edstn\u00ed zvyky \u2013 nap\u0159\u00edklad zahalen\u00ed ramen p\u0159i n\u00e1v\u0161t\u011bv\u011b vesnice nebo me\u0161ity.<\/li>\n\n\n\n<li>Nakupuj na trz\u00edch \u2013 \u010derstv\u00e9 ovoce a zelenina jsou levn\u011bj\u0161\u00ed i chutn\u011bj\u0161\u00ed.<\/li>\n\n\n\n<li>Mluv s lidmi \u2013 i p\u00e1r tureck\u00fdch slov otev\u0159e dve\u0159e i srdce.<\/li>\n\n\n\n<li>Bu\u010f flexibiln\u00ed \u2013 pl\u00e1n je fajn, ale opravdov\u00e9 z\u00e1\u017eitky vznikaj\u00ed z improvizace.<\/li>\n\n\n\n<li>U\u017e\u00edvej si ticho \u2013 ne v\u017edy mus\u00ed\u0161 mluvit, n\u011bkdy sta\u010d\u00ed poslouchat.<\/li>\n<\/ul>\n\n\n\n<h3 class=\"wp-block-heading\">\u010casto kladen\u00e9 ot\u00e1zky (FAQ)<\/h3>\n\n\n\n<p class=\"wp-block-paragraph\">Mus\u00edm b\u00fdt zku\u0161en\u00fd turista, abych zvl\u00e1dl L\u00fdkijskou stezku?<br \/>Nemus\u00ed\u0161, ale fyzick\u00e1 kondice pom\u016f\u017ee. Trasa je dlouh\u00e1, ale d\u00e1 se rozd\u011blit na krat\u0161\u00ed \u00faseky.<\/p>\n\n\n\n<p class=\"wp-block-paragraph\">Jak je to s j\u00eddlem a pit\u00edm na trase?<br \/>Ve vesnic\u00edch a ubytov\u00e1n\u00edch dostane\u0161 dom\u00e1c\u00ed j\u00eddlo i pitnou vodu. Na del\u0161\u00edch \u00fasec\u00edch se vyplat\u00ed m\u00edt z\u00e1soby.<\/p>\n\n\n\n<p class=\"wp-block-paragraph\">Je mo\u017en\u00e9 cestovat s\u00f3lo?<br \/>Ano, Turecko je p\u0159\u00e1telsk\u00e1 a bezpe\u010dn\u00e1 zem\u011b. Nav\u00edc potk\u00e1\u0161 spoustu dal\u0161\u00edch poutn\u00edk\u016f.<\/p>\n\n\n\n<p class=\"wp-block-paragraph\">Kdy\u017e se n\u011bkdo zept\u00e1, pro\u010d j\u00edt zrovna do Turecka, odpov\u011b\u010f je jednoduch\u00e1 \u2013 kv\u016fli emoc\u00edm. Turistika v Turecku je o propojen\u00ed \u2013 s krajinou, lidmi i sebou sam\u00fdm. Ka\u017ed\u00e1 cesta tu m\u00e1 smysl, a i kdy\u017e si mysl\u00ed\u0161, \u017ee jde\u0161 s\u00e1m, nikdy nejsi \u00fapln\u011b s\u00e1m.<\/p>\n\n\n\n<p class=\"wp-block-paragraph\">Turecko Lykie, L\u00fdkijsk\u00e1 stezka v Turecku a v\u0161echna ta mal\u00e1 m\u00edsta mezi nimi ti uk\u00e1\u017eou, \u017ee sv\u011bt je st\u00e1le pln\u00fd ticha, v\u016fn\u00ed a laskavosti. Sta\u010d\u00ed otev\u0159\u00edt o\u010di, obout boty a vyrazit.<\/p>\n\n\n\n<p class=\"wp-block-paragraph\">Chce\u0161 se inspirovat a napl\u00e1novat svou vlastn\u00ed cestu? Pod\u00edvej se na frcime.cz \u2013 nen\u00e1ro\u010dn\u00e1 turistika a v\u00fdlety Turecko L\u00fdkijsk\u00e1 stezka<\/p>\n","protected":false},"excerpt":{"rendered":"<p>Kdy\u017e se \u0159ekne Turecko turistika, m\u00e1lokdo si hned vybav\u00ed, \u017ee tahle zem\u011b je doslova stvo\u0159en\u00e1 pro p\u011b\u0161\u00ed v\u00fdlety. Lid\u00e9 sem \u010dasto m\u00ed\u0159\u00ed kv\u016fli slunci, mo\u0159i a pohod\u011b, ale ti, kdo se vydaj\u00ed mimo ru\u0161n\u00e9 hotely, objev\u00ed \u00fapln\u011b jin\u00fd sv\u011bt. Sv\u011bt, kde se dotkne\u0161 starov\u011bk\u00fdch kamen\u016f, kde se cesta vine mezi olivovn\u00edky a kde horizont nikdy [&hellip;]<\/p>\n","protected":false},"author":1,"featured_media":19911,"comment_status":"closed","ping_status":"closed","sticky":false,"template":"","format":"standard","meta":{"_sitemap_exclude":false,"_sitemap_priority":"","_sitemap_frequency":"","tdm_status":"","tdm_grid_status":"","footnotes":""},"categories":[125],"tags":[],"class_list":["post-19910","post","type-post","status-publish","format-standard","has-post-thumbnail","category-cestovani"],"_links":{"self":[{"href":"https:\/\/www.seznam-novinek.cz\/index.php?rest_route=\/wp\/v2\/posts\/19910","targetHints":{"allow":["GET"]}}],"collection":[{"href":"https:\/\/www.seznam-novinek.cz\/index.php?rest_route=\/wp\/v2\/posts"}],"about":[{"href":"https:\/\/www.seznam-novinek.cz\/index.php?rest_route=\/wp\/v2\/types\/post"}],"author":[{"embeddable":true,"href":"https:\/\/www.seznam-novinek.cz\/index.php?rest_route=\/wp\/v2\/users\/1"}],"replies":[{"embeddable":true,"href":"https:\/\/www.seznam-novinek.cz\/index.php?rest_route=%2Fwp%2Fv2%2Fcomments&post=19910"}],"version-history":[{"count":1,"href":"https:\/\/www.seznam-novinek.cz\/index.php?rest_route=\/wp\/v2\/posts\/19910\/revisions"}],"predecessor-version":[{"id":19912,"href":"https:\/\/www.seznam-novinek.cz\/index.php?rest_route=\/wp\/v2\/posts\/19910\/revisions\/19912"}],"wp:featuredmedia":[{"embeddable":true,"href":"https:\/\/www.seznam-novinek.cz\/index.php?rest_route=\/wp\/v2\/media\/19911"}],"wp:attachment":[{"href":"https:\/\/www.seznam-novinek.cz\/index.php?rest_route=%2Fwp%2Fv2%2Fmedia&parent=19910"}],"wp:term":[{"taxonomy":"category","embeddable":true,"href":"https:\/\/www.seznam-novinek.cz\/index.php?rest_route=%2Fwp%2Fv2%2Fcategories&post=19910"},{"taxonomy":"post_tag","embeddable":true,"href":"https:\/\/www.seznam-novinek.cz\/index.php?rest_route=%2Fwp%2Fv2%2Ftags&post=19910"}],"curies":[{"name":"wp","href":"https:\/\/api.w.org\/{rel}","templated":true}]}}