{"id":19896,"date":"2025-08-11T16:31:47","date_gmt":"2025-08-11T16:31:47","guid":{"rendered":"https:\/\/seznam-novinek.cz\/?p=19896"},"modified":"2025-08-11T16:31:48","modified_gmt":"2025-08-11T16:31:48","slug":"jak-jsem-objevil-sperky-z-chirurgicke-oceli","status":"publish","type":"post","link":"https:\/\/www.seznam-novinek.cz\/?p=19896","title":{"rendered":"Jak jsem objevil \u0161perky z chirurgick\u00e9 oceli"},"content":{"rendered":"\n<p class=\"wp-block-paragraph\">Pamatuju si to, jako by to bylo v\u010dera. Byl chladn\u00fd podzimn\u00ed den, v\u00edtr se proh\u00e1n\u011bl ulicemi a j\u00e1 jsem n\u00e1hodou ve\u0161el do mal\u00e9 klenotnick\u00e9 d\u00edlny v centru m\u011bsta. Nehledal jsem nic konkr\u00e9tn\u00edho \u2013 jen jsem cht\u011bl zab\u00edt \u010das, ne\u017e mi p\u0159ijede tramvaj. A tam, za prosklenou vitr\u00ednou, se leskl n\u00e1ramek z chirurgick\u00e9 oceli. Nebyl to jen oby\u010dejn\u00fd kus kovu. Byl to \u0161perk, kter\u00fd m\u011bl styl, eleganci a n\u011bco, co se ned\u00e1 popsat \u2013 prost\u011b \u201eto ono\u201c. Od t\u00e9 chv\u00edle jsem si za\u010dal v\u0161\u00edmat, \u017ee <a href=\"https:\/\/www.ok-sperky.cz\/\">\u0161perky z chirurgick\u00e9 oceli<\/a> jsou v\u0161ude kolem. U kolegyn\u011b v pr\u00e1ci, u kamar\u00e1da, dokonce i na ruce baristy v kav\u00e1rn\u011b. A \u010d\u00edm v\u00edc jsem o nich zji\u0161\u0165oval, t\u00edm v\u00edc m\u011b fascinovaly.<\/p>\n\n\n\n<h2 class=\"wp-block-heading\">D\u00e1msk\u00e9 n\u00e1ramky \u2013 p\u0159\u00edb\u011bh elegance<\/h2>\n\n\n\n<p class=\"wp-block-paragraph\">Moje sestra je typick\u00e1 \u201e\u0161perkov\u00e1 mania\u010dka\u201c. Ka\u017ed\u00fd jej\u00ed outfit m\u00e1 sv\u016fj n\u00e1ramek. A kdy\u017e jsem j\u00ed k narozenin\u00e1m koupil <a href=\"https:\/\/www.ok-sperky.cz\/Naramky-c1_9_2.htm\">d\u00e1msk\u00e9 n\u00e1ramky<\/a> z chirurgick\u00e9 oceli, byla nad\u0161en\u00e1. \u201eV\u00ed\u0161, pro\u010d je miluju?\u201c zeptala se m\u011b. \u201eProto\u017ee se nemus\u00edm b\u00e1t, \u017ee z\u010dernaj\u00ed, a m\u016f\u017eu je nosit i do sprchy.\u201c A m\u011bla pravdu. Ocelov\u00e9 d\u00e1msk\u00e9 n\u00e1ramky jsou jako dobr\u00e1 p\u0159\u00edtelkyn\u011b \u2013 v\u017edy p\u0159ipraven\u00e9, spolehliv\u00e9 a kr\u00e1sn\u00e9.<\/p>\n\n\n\n<p class=\"wp-block-paragraph\">Obl\u00edben\u00e9 varianty, kter\u00e9 jsem pro ni objevil:<\/p>\n\n\n\n<ul class=\"wp-block-list\">\n<li>Minimalistick\u00fd \u0159et\u00edzek s drobn\u00fdm p\u0159\u00edv\u011bskem<\/li>\n\n\n\n<li>Ocelov\u00fd n\u00e1ramek se srd\u00ed\u010dkem<\/li>\n\n\n\n<li>Kombinace oceli a barevn\u00e9ho kamene<\/li>\n<\/ul>\n\n\n\n<h2 class=\"wp-block-heading\">P\u00e1nsk\u00e9 n\u00e1ramky \u2013 mu\u017esk\u00fd pohled na v\u011bc<\/h2>\n\n\n\n<p class=\"wp-block-paragraph\">M\u016fj nejlep\u0161\u00ed kamar\u00e1d je p\u0159esn\u011b ten typ, co nos\u00ed d\u017e\u00edny, ko\u017eenou bundu a m\u00e1 r\u00e1d jednoduch\u00e9, ale v\u00fdrazn\u00e9 dopl\u0148ky. Kdy\u017e jsem mu dal <a href=\"https:\/\/www.ok-sperky.cz\/panske-naramky\">p\u00e1nsk\u00e9 n\u00e1ramky<\/a> z chirurgick\u00e9 oceli, \u0159ekl jen: \u201eKone\u010dn\u011b n\u011bco, co nen\u00ed z plastu nebo co se po m\u011bs\u00edci nezni\u010d\u00ed.\u201c A m\u011bl pravdu. Tyhle n\u00e1ramky zvl\u00e1dnou jeho horsk\u00e9 t\u00fary, pr\u00e1ci v d\u00edln\u011b i ve\u010dern\u00ed posezen\u00ed u piva.<\/p>\n\n\n\n<p class=\"wp-block-paragraph\">Pro\u010d p\u00e1nov\u00e9 oce\u0148uj\u00ed ocel:<\/p>\n\n\n\n<ul class=\"wp-block-list\">\n<li>Nezni\u010ditelnost \u2013 v\u00e1\u017en\u011b, tyhle v\u011bci vydr\u017e\u00ed skoro v\u0161echno.<\/li>\n\n\n\n<li>Univerz\u00e1lnost \u2013 jeden n\u00e1ramek se hod\u00ed k obleku i k tri\u010dku.<\/li>\n\n\n\n<li>Styl \u2013 p\u016fsob\u00ed mu\u017en\u011b, ale ne p\u0159ehnan\u011b.<\/li>\n<\/ul>\n\n\n\n<h2 class=\"wp-block-heading\">P\u00e1nsk\u00e9 \u0161perky \u2013 ne\u010dekan\u00fd d\u00e1rek<\/h2>\n\n\n\n<p class=\"wp-block-paragraph\">P\u0159ed V\u00e1noci jsem hledal d\u00e1rek pro t\u00e1tu. Nen\u00ed typ, co by nosil prsteny, ale decentn\u00ed \u0159et\u00edzek z chirurgick\u00e9 oceli ho pot\u011b\u0161il. \u201eTohle budu nosit,\u201c \u0159ekl, a od t\u00e9 doby ho nesundal.<\/p>\n\n\n\n<p class=\"wp-block-paragraph\">P\u00e1nsk\u00e9 \u0161perky z chirurgick\u00e9 oceli maj\u00ed jednu velkou v\u00fdhodu \u2013 sed\u00ed i t\u011bm, kdo jinak \u0161perk\u016fm nefand\u00ed. D\u00edky modern\u00edmu a \u010dist\u00e9mu designu vypadaj\u00ed nen\u00e1padn\u011b, ale z\u00e1rove\u0148 dodaj\u00ed \u0161mrnc.<\/p>\n\n\n\n<h3 class=\"wp-block-heading\">Ot\u00e1zky, co napadnou ka\u017ed\u00e9ho<\/h3>\n\n\n\n<p class=\"wp-block-paragraph\">Daj\u00ed se \u0161perky z chirurgick\u00e9 oceli nosit p\u0159i sportu?<\/p>\n\n\n\n<ul class=\"wp-block-list\">\n<li>Ano, pot jim neubl\u00ed\u017e\u00ed.<\/li>\n<\/ul>\n\n\n\n<p class=\"wp-block-paragraph\">Co kdy\u017e se za\u0161pin\u00ed?<\/p>\n\n\n\n<ul class=\"wp-block-list\">\n<li>Sta\u010d\u00ed vlhk\u00fd had\u0159\u00edk a jsou zase jako nov\u00e9.<\/li>\n<\/ul>\n\n\n\n<p class=\"wp-block-paragraph\">Jak dlouho vydr\u017e\u00ed?<\/p>\n\n\n\n<ul class=\"wp-block-list\">\n<li>Klidn\u011b roky \u2013 a po\u0159\u00e1d budou vypadat skv\u011ble.<\/li>\n<\/ul>\n\n\n\n<p class=\"wp-block-paragraph\">Od t\u00e9 doby, co jsem poprv\u00e9 narazil na chirurgickou ocel, u\u017e t\u00e9m\u011b\u0159 nenos\u00edm nic jin\u00e9ho. A\u0165 u\u017e jde o d\u00e1msk\u00e9 n\u00e1ramky, p\u00e1nsk\u00e9 n\u00e1ramky nebo jin\u00e9 p\u00e1nsk\u00e9 \u0161perky, v\u017edy m\u00e1m jistotu, \u017ee dostanu kvalitu, kter\u00e1 vydr\u017e\u00ed.<\/p>\n\n\n\n<p class=\"wp-block-paragraph\">Pokud chcete za\u017e\u00edt ten pocit, kdy se na v\u00e1s \u0161perk stane va\u0161\u00ed sou\u010d\u00e1st\u00ed, mrkn\u011bte na https:\/\/www.ok-sperky.cz\/ a vyberte si ten sv\u016fj.<\/p>\n","protected":false},"excerpt":{"rendered":"<p>Pamatuju si to, jako by to bylo v\u010dera. Byl chladn\u00fd podzimn\u00ed den, v\u00edtr se proh\u00e1n\u011bl ulicemi a j\u00e1 jsem n\u00e1hodou ve\u0161el do mal\u00e9 klenotnick\u00e9 d\u00edlny v centru m\u011bsta. Nehledal jsem nic konkr\u00e9tn\u00edho \u2013 jen jsem cht\u011bl zab\u00edt \u010das, ne\u017e mi p\u0159ijede tramvaj. A tam, za prosklenou vitr\u00ednou, se leskl n\u00e1ramek z chirurgick\u00e9 oceli. Nebyl to [&hellip;]<\/p>\n","protected":false},"author":1,"featured_media":19897,"comment_status":"closed","ping_status":"closed","sticky":false,"template":"","format":"standard","meta":{"_sitemap_exclude":false,"_sitemap_priority":"","_sitemap_frequency":"","tdm_status":"","tdm_grid_status":"","footnotes":""},"categories":[128],"tags":[],"class_list":["post-19896","post","type-post","status-publish","format-standard","has-post-thumbnail","category-pro-zeny"],"_links":{"self":[{"href":"https:\/\/www.seznam-novinek.cz\/index.php?rest_route=\/wp\/v2\/posts\/19896","targetHints":{"allow":["GET"]}}],"collection":[{"href":"https:\/\/www.seznam-novinek.cz\/index.php?rest_route=\/wp\/v2\/posts"}],"about":[{"href":"https:\/\/www.seznam-novinek.cz\/index.php?rest_route=\/wp\/v2\/types\/post"}],"author":[{"embeddable":true,"href":"https:\/\/www.seznam-novinek.cz\/index.php?rest_route=\/wp\/v2\/users\/1"}],"replies":[{"embeddable":true,"href":"https:\/\/www.seznam-novinek.cz\/index.php?rest_route=%2Fwp%2Fv2%2Fcomments&post=19896"}],"version-history":[{"count":1,"href":"https:\/\/www.seznam-novinek.cz\/index.php?rest_route=\/wp\/v2\/posts\/19896\/revisions"}],"predecessor-version":[{"id":19898,"href":"https:\/\/www.seznam-novinek.cz\/index.php?rest_route=\/wp\/v2\/posts\/19896\/revisions\/19898"}],"wp:featuredmedia":[{"embeddable":true,"href":"https:\/\/www.seznam-novinek.cz\/index.php?rest_route=\/wp\/v2\/media\/19897"}],"wp:attachment":[{"href":"https:\/\/www.seznam-novinek.cz\/index.php?rest_route=%2Fwp%2Fv2%2Fmedia&parent=19896"}],"wp:term":[{"taxonomy":"category","embeddable":true,"href":"https:\/\/www.seznam-novinek.cz\/index.php?rest_route=%2Fwp%2Fv2%2Fcategories&post=19896"},{"taxonomy":"post_tag","embeddable":true,"href":"https:\/\/www.seznam-novinek.cz\/index.php?rest_route=%2Fwp%2Fv2%2Ftags&post=19896"}],"curies":[{"name":"wp","href":"https:\/\/api.w.org\/{rel}","templated":true}]}}