{"id":19892,"date":"2025-08-09T04:48:14","date_gmt":"2025-08-09T04:48:14","guid":{"rendered":"https:\/\/seznam-novinek.cz\/?p=19892"},"modified":"2025-08-09T04:48:15","modified_gmt":"2025-08-09T04:48:15","slug":"skolka-praha-10-kdyz-hledate-soukromou-skolku-ktera-vas-podrzi","status":"publish","type":"post","link":"https:\/\/www.seznam-novinek.cz\/?p=19892","title":{"rendered":"\u0160kolka Praha 10: kdy\u017e hled\u00e1te soukromou \u0161kolku, kter\u00e1 v\u00e1s podr\u017e\u00ed"},"content":{"rendered":"\n<p class=\"wp-block-paragraph\">Mo\u017en\u00e1 to zn\u00e1te \u2013 r\u00e1no sp\u011bch\u00e1te do pr\u00e1ce, v hlav\u011b v\u00edr povinnost\u00ed a do toho p\u0159em\u00fd\u0161l\u00edte, jestli je va\u0161e d\u00edt\u011b v t\u00e9 \u201espr\u00e1vn\u00e9\u201c \u0161kolce. Nehl\u00eddaj\u00ed ho jen, aby si neubl\u00ed\u017eilo? D\u00e1v\u00e1 mu prost\u0159ed\u00ed dost podn\u011bt\u016f? C\u00edt\u00ed se tam bezpe\u010dn\u011b? Tyhle ot\u00e1zky si klade ka\u017ed\u00fd rodi\u010d. A pr\u00e1v\u011b proto vznikla <strong>\u0161kolka ProFamily<\/strong> \u2013 <strong>soukrom\u00e1 mate\u0159sk\u00e1 \u0161kolka v Praze<\/strong>, kter\u00e1 nab\u00edz\u00ed v\u00edc ne\u017e jen b\u011b\u017en\u00e9 slu\u017eby. Nab\u00edz\u00ed skute\u010dnou p\u00e9\u010di, d\u016fv\u011bru a prostor pro r\u016fst.<\/p>\n\n\n\n<h2 class=\"wp-block-heading\">Soukrom\u00e1 \u0161kolka nen\u00ed jen pro vyvolen\u00e9<\/h2>\n\n\n\n<p class=\"wp-block-paragraph\">M\u00fdtus \u010d\u00edslo jedna? \u017de <a href=\"https:\/\/profamily.cz\/clanky\/34\/Soukroma-materska-skola-i-pro-narocne-rodice\"><strong>soukrom\u00e1 mate\u0159sk\u00e1 \u0161kolka<\/strong><\/a> je jen pro \u201eelitu\u201c. Kdepak. V dne\u0161n\u00ed dob\u011b \u010d\u00edm d\u00e1l v\u00edc rodi\u010d\u016f vol\u00ed pr\u00e1v\u011b tuto cestu, proto\u017ee cht\u011bj\u00ed pro sv\u00e9 d\u00edt\u011b n\u011bco nav\u00edc \u2013 bez stresu, front, anonymn\u00edho kolektivu nebo p\u0159et\u00ed\u017een\u00fdch u\u010ditelek. V ProFamily dostanete nejen profesion\u00e1ln\u00ed p\u0159\u00edstup, ale i lidskost, vst\u0159\u00edcnost a individu\u00e1ln\u00ed pozornost.<\/p>\n\n\n\n<p class=\"wp-block-paragraph\">A v\u00edte co? Nen\u00ed to \u017e\u00e1dn\u00fd luxus. Je to standard, jak\u00fd by m\u011blo za\u017e\u00edt ka\u017ed\u00e9 d\u00edt\u011b. A tahle <strong>mate\u0159sk\u00e1 \u0161kolka Praha<\/strong> to dob\u0159e v\u00ed.<\/p>\n\n\n\n<h2 class=\"wp-block-heading\">\u0160kolka ProFamily: jak vypad\u00e1 \u201e\u0161koli\u010dka s du\u0161\u00ed\u201c<\/h2>\n\n\n\n<p class=\"wp-block-paragraph\">Hned p\u0159i vstupu pozn\u00e1te rozd\u00edl. D\u011bti se sm\u011bj\u00ed, v\u00edtaj\u00ed v\u00e1s, u\u010ditelky nez\u00edraj\u00ed do pap\u00edr\u016f, ale sed\u00ed s d\u011btmi na zemi. Kresl\u00ed, \u010dtou, pov\u00eddaj\u00ed si. Je to \u0161kola, kter\u00e1 \u017eije. Kde se nesp\u011bch\u00e1, ale rozv\u00edj\u00ed. Kde nejsou d\u011bti \u201eprobl\u00e9mov\u00e9\u201c, ale jen r\u016fzn\u00e9.<\/p>\n\n\n\n<p class=\"wp-block-paragraph\"><strong>\u0160kolka ProFamily<\/strong>, kter\u00e1 funguje jako <strong>M\u0160 Praha<\/strong>, nen\u00ed tov\u00e1rnou na znalosti. Je to m\u00edsto, kde si d\u011bti tvo\u0159\u00ed vztah ke sv\u011btu, sob\u011b sam\u00fdm i ostatn\u00edm. A pr\u00e1v\u011b to je to nejcenn\u011bj\u0161\u00ed.<\/p>\n\n\n\n<p class=\"wp-block-paragraph\">Co v\u0161echno tady najdete?<\/p>\n\n\n\n<ul class=\"wp-block-list\">\n<li>Men\u0161\u00ed kolektivy \u2013 \u017e\u00e1dn\u00e1 tla\u010denka.<\/li>\n\n\n\n<li>Laskav\u00e9 u\u010ditelky \u2013 ne \u201ebacha\u0159ky\u201c, ale pr\u016fvodkyn\u011b.<\/li>\n\n\n\n<li>Bohat\u00fd program \u2013 tvo\u0159ivost, pohyb, \u0159e\u010d, hudba, angli\u010dtina.<\/li>\n\n\n\n<li>Bezpe\u010dn\u00e9 prost\u0159ed\u00ed \u2013 zahrada, vybaven\u00e9 u\u010debny, tich\u00e9 z\u00e1zem\u00ed.<\/li>\n\n\n\n<li>Podpora samostatnosti \u2013 d\u00edt\u011b je partner, ne objekt.<\/li>\n\n\n\n<li><\/li>\n<\/ul>\n\n\n\n<h2 class=\"wp-block-heading\">\u0160kolka Praha 10: lokalita, kter\u00e1 hraje do karet<\/h2>\n\n\n\n<p class=\"wp-block-paragraph\">ProFamily p\u016fsob\u00ed ve \u010dtvrti, kter\u00e1 m\u00e1 atmosf\u00e9ru. <a href=\"https:\/\/profamily.cz\/skolka\/4\/Skolka-Dubec---Praha-10\"><strong>\u0160kolka Praha 10<\/strong><\/a> je snadno dostupn\u00e1, ale p\u0159itom nen\u00ed uprost\u0159ed hluku velkom\u011bsta. Okol\u00ed nab\u00edz\u00ed dostatek zelen\u011b, klidn\u00fdch ulic a park\u016f. Rodi\u010de mohou p\u0159ijet MHD, autem i p\u011b\u0161ky. R\u00e1no bez stresu. Odpoledne bez chaosu.<\/p>\n\n\n\n<p class=\"wp-block-paragraph\">Nav\u00edc \u2013 \u0161kolka je um\u00edst\u011bna v men\u0161\u00edm objektu, ne v anonymn\u00edm komplexu. V\u0161ichni se tu znaj\u00ed. A to d\u011bl\u00e1 divy.<\/p>\n\n\n\n<h2 class=\"wp-block-heading\">Jak vypad\u00e1 \u0161kolkov\u00fd den?<\/h2>\n\n\n\n<p class=\"wp-block-paragraph\">P\u0159edstavte si: d\u00edt\u011b r\u00e1no vstane, t\u011b\u0161\u00ed se. D\u00e1te mu sn\u00eddani, sbal\u00edte bat\u016f\u017eek a jdete do \u0161kolky. Tam ho p\u0159iv\u00edtaj\u00ed spolu\u017e\u00e1ci, zn\u00e1m\u00e9 tv\u00e1\u0159e u\u010ditelek a p\u0159\u00e1telsk\u00e1 atmosf\u00e9ra. Takhle vypad\u00e1 b\u011b\u017en\u00fd den v ProFamily:<\/p>\n\n\n\n<ul class=\"wp-block-list\">\n<li><strong>8:00\u20139:00<\/strong> \u2013 p\u0159\u00edchod, voln\u00e1 hra, rann\u00ed ritu\u00e1ly.<\/li>\n\n\n\n<li><strong>9:00\u201310:30<\/strong> \u2013 \u0159\u00edzen\u00e9 aktivity podle denn\u00edho t\u00e9matu (p\u0159\u00edroda, barvy, rodina, ro\u010dn\u00ed obdob\u00ed&#8230;).<\/li>\n\n\n\n<li><strong>10:30\u201312:00<\/strong> \u2013 pobyt venku (zahrada, vych\u00e1zky, h\u0159i\u0161t\u011b).<\/li>\n\n\n\n<li><strong>12:00\u201313:00<\/strong> \u2013 ob\u011bd a p\u0159\u00edprava na odpo\u010dinek.<\/li>\n\n\n\n<li><strong>13:00\u201314:30<\/strong> \u2013 klidov\u00fd re\u017eim (sp\u00e1nek nebo relaxace).<\/li>\n\n\n\n<li><strong>14:30\u201316:30<\/strong> \u2013 odpoledn\u00ed program, krou\u017eky, individu\u00e1ln\u00ed \u010dinnosti, voln\u00e1 hra, vyzved\u00e1v\u00e1n\u00ed.<\/li>\n<\/ul>\n\n\n\n<p class=\"wp-block-paragraph\">\u017d\u00e1dn\u00fd p\u0159etlak, \u017e\u00e1dn\u00fd stres, \u017e\u00e1dn\u00e9 nep\u0159im\u011b\u0159en\u00e9 n\u00e1roky. Jen strukturovan\u00fd den, kter\u00fd podporuje d\u00edt\u011b ve v\u0161ech sm\u011brech.<\/p>\n\n\n\n<h2 class=\"wp-block-heading\">Nez\u00e1le\u017e\u00ed, jestli je d\u00edt\u011b klidn\u00e9 nebo divoch<\/h2>\n\n\n\n<p class=\"wp-block-paragraph\">Tohle je z\u00e1sadn\u00ed. N\u011bkter\u00e9 d\u011bti jsou tich\u00e9, citliv\u00e9, nejist\u00e9. Jin\u00e9 jsou divok\u00e9, hlu\u010dn\u00e9, impulzivn\u00ed. A ob\u011b skupiny maj\u00ed v ProFamily sv\u00e9 m\u00edsto. <strong>Soukrom\u00e1 mate\u0159sk\u00e1 \u0161kolka v Praze<\/strong> toti\u017e pracuje s temperamentem d\u011bt\u00ed, ne proti n\u011bmu.<\/p>\n\n\n\n<p class=\"wp-block-paragraph\">To znamen\u00e1: d\u011bti nejsou trestan\u00e9 za to, jac\u00ed jsou. Jsou p\u0159ij\u00edm\u00e1ny takov\u00e9, jak\u00e9 jsou. A d\u00edky tomu se rozv\u00edjej\u00ed zdrav\u011b, v bezpe\u010d\u00ed a bez studu.<\/p>\n\n\n\n<p class=\"wp-block-paragraph\"><strong>Spolupr\u00e1ce s rodi\u010di? Z\u00e1klad \u00fasp\u011bchu<\/strong><\/p>\n\n\n\n<p class=\"wp-block-paragraph\">Zat\u00edmco v n\u011bkter\u00fdch \u0161kolk\u00e1ch je rodi\u010d jen \u201eten, kdo plat\u00ed a vyzved\u00e1v\u00e1\u201c, tady je to jinak. V ProFamily se klade d\u016fraz na <strong>partnerstv\u00ed s rodi\u010di<\/strong>. Jak to vypad\u00e1 v praxi?<\/p>\n\n\n\n<ul class=\"wp-block-list\">\n<li>Denn\u00ed reporty a fotky z aktivit.<\/li>\n\n\n\n<li>Osobn\u00ed konzultace s pedagogy.<\/li>\n\n\n\n<li>Spole\u010dn\u00e9 akce \u2013 d\u00edlni\u010dky, bes\u00eddky, slavnosti.<\/li>\n\n\n\n<li>Rodi\u010dovsk\u00e9 sch\u016fzky bez stresu.<\/li>\n\n\n\n<li>Podpora p\u0159i adaptaci, p\u0159echodu do \u0161koly nebo p\u0159i pot\u00ed\u017e\u00edch.<\/li>\n<\/ul>\n\n\n\n<p class=\"wp-block-paragraph\">Rodi\u010de jsou v ProFamily v\u00edtan\u00ed. A to je poznat \u2013 na atmosf\u00e9\u0159e i spokojenosti d\u011bt\u00ed.<\/p>\n\n\n\n<h3 class=\"wp-block-heading\">\u010casto kladen\u00e9 ot\u00e1zky<\/h3>\n\n\n\n<p class=\"wp-block-paragraph\"><strong>Kdy mohu d\u00edt\u011b p\u0159ihl\u00e1sit?<\/strong><br \/>Kdykoli b\u011bhem roku \u2013 p\u0159ij\u00edm\u00e1me dle voln\u00fdch m\u00edst.<\/p>\n\n\n\n<p class=\"wp-block-paragraph\"><strong>Mohu si \u0161kolku nejd\u0159\u00edv prohl\u00e9dnout?<\/strong><br \/>Jist\u011b! Prohl\u00eddky \u0161kolky jsou v\u00edtan\u00e9. Domluvte si term\u00edn a p\u0159ij\u010fte.<\/p>\n\n\n\n<p class=\"wp-block-paragraph\"><strong>M\u00e1 \u0161kolka hygienick\u00e9 standardy?<\/strong><br \/>Ano \u2013 v\u0161echny prostory jsou pravideln\u011b udr\u017eovan\u00e9, spl\u0148ujeme hygienick\u00e9 i bezpe\u010dnostn\u00ed normy.<\/p>\n\n\n\n<p class=\"wp-block-paragraph\"><strong>Co kdy\u017e moje d\u00edt\u011b odm\u00edt\u00e1 j\u00eddlo?<\/strong><br \/>Ka\u017ed\u00e9 d\u00edt\u011b je jin\u00e9. \u0160kolka nab\u00edz\u00ed vyv\u00e1\u017een\u00e9 a pestr\u00e9 stravov\u00e1n\u00ed, a u\u010ditelky s d\u011btmi o j\u00eddle komunikuj\u00ed s respektem.<\/p>\n\n\n\n<p class=\"wp-block-paragraph\"><strong>Je zde angli\u010dtina?<\/strong><br \/>Ano \u2013 p\u0159irozenou a hravou formou, skrze p\u00edsni\u010dky, obr\u00e1zky a b\u011b\u017enou komunikaci.<\/p>\n\n\n\n<h3 class=\"wp-block-heading\">Soukrom\u00e1 \u0161kolka, kter\u00e1 d\u00e1v\u00e1 smysl<\/h3>\n\n\n\n<p class=\"wp-block-paragraph\">ProFamily nen\u00ed \u0161kolka, kde d\u011bti \u201ep\u0159e\u017e\u00edvaj\u00ed\u201c den. Je to \u0161kolka, kde se sm\u011bj\u00ed, tvo\u0159\u00ed, rozv\u00edjej\u00ed, rostou. A taky \u2013 kde se maj\u00ed r\u00e1dy. Proto\u017ee pr\u00e1v\u011b o tom to je.<\/p>\n\n\n\n<p class=\"wp-block-paragraph\"><a href=\"https:\/\/profamily.cz\/\"><strong>Mate\u0159sk\u00e1 \u0161kolka Praha<\/strong><\/a>, kter\u00e1 stoj\u00ed za to, je ta, kde se d\u011bti r\u00e1no t\u011b\u0161\u00ed a ve\u010der necht\u011bj\u00ed dom\u016f. Ta, kde se rodi\u010d nec\u00edt\u00ed jako outsider. A ta, kde vl\u00e1dne p\u0159irozenost m\u00edsto p\u0159edst\u00edr\u00e1n\u00ed dokonalosti.<\/p>\n\n\n\n<p class=\"wp-block-paragraph\">Jestli hled\u00e1te <strong>\u0161kolku Praha 10<\/strong>, kde najdete stabiln\u00ed prost\u0159ed\u00ed, smyslupln\u00fd program a hlavn\u011b \u2013 lidsk\u00fd p\u0159\u00edstup, pak u\u017e d\u00e1l hledat nemus\u00edte. <strong>\u0160kolka ProFamily<\/strong> je p\u0159ipraven\u00e1 p\u0159iv\u00edtat i va\u0161e d\u00edt\u011b.<\/p>\n\n\n\n<p class=\"wp-block-paragraph\">P\u0159ij\u010fte se sami p\u0159esv\u011bd\u010dit \u2013 https:\/\/profamily.cz\/<\/p>\n","protected":false},"excerpt":{"rendered":"<p>Mo\u017en\u00e1 to zn\u00e1te \u2013 r\u00e1no sp\u011bch\u00e1te do pr\u00e1ce, v hlav\u011b v\u00edr povinnost\u00ed a do toho p\u0159em\u00fd\u0161l\u00edte, jestli je va\u0161e d\u00edt\u011b v t\u00e9 \u201espr\u00e1vn\u00e9\u201c \u0161kolce. Nehl\u00eddaj\u00ed ho jen, aby si neubl\u00ed\u017eilo? D\u00e1v\u00e1 mu prost\u0159ed\u00ed dost podn\u011bt\u016f? C\u00edt\u00ed se tam bezpe\u010dn\u011b? Tyhle ot\u00e1zky si klade ka\u017ed\u00fd rodi\u010d. A pr\u00e1v\u011b proto vznikla \u0161kolka ProFamily \u2013 soukrom\u00e1 mate\u0159sk\u00e1 \u0161kolka [&hellip;]<\/p>\n","protected":false},"author":1,"featured_media":19893,"comment_status":"closed","ping_status":"closed","sticky":false,"template":"","format":"standard","meta":{"_sitemap_exclude":false,"_sitemap_priority":"","_sitemap_frequency":"","tdm_status":"","tdm_grid_status":"","footnotes":""},"categories":[128],"tags":[],"class_list":["post-19892","post","type-post","status-publish","format-standard","has-post-thumbnail","category-pro-zeny"],"_links":{"self":[{"href":"https:\/\/www.seznam-novinek.cz\/index.php?rest_route=\/wp\/v2\/posts\/19892","targetHints":{"allow":["GET"]}}],"collection":[{"href":"https:\/\/www.seznam-novinek.cz\/index.php?rest_route=\/wp\/v2\/posts"}],"about":[{"href":"https:\/\/www.seznam-novinek.cz\/index.php?rest_route=\/wp\/v2\/types\/post"}],"author":[{"embeddable":true,"href":"https:\/\/www.seznam-novinek.cz\/index.php?rest_route=\/wp\/v2\/users\/1"}],"replies":[{"embeddable":true,"href":"https:\/\/www.seznam-novinek.cz\/index.php?rest_route=%2Fwp%2Fv2%2Fcomments&post=19892"}],"version-history":[{"count":1,"href":"https:\/\/www.seznam-novinek.cz\/index.php?rest_route=\/wp\/v2\/posts\/19892\/revisions"}],"predecessor-version":[{"id":19894,"href":"https:\/\/www.seznam-novinek.cz\/index.php?rest_route=\/wp\/v2\/posts\/19892\/revisions\/19894"}],"wp:featuredmedia":[{"embeddable":true,"href":"https:\/\/www.seznam-novinek.cz\/index.php?rest_route=\/wp\/v2\/media\/19893"}],"wp:attachment":[{"href":"https:\/\/www.seznam-novinek.cz\/index.php?rest_route=%2Fwp%2Fv2%2Fmedia&parent=19892"}],"wp:term":[{"taxonomy":"category","embeddable":true,"href":"https:\/\/www.seznam-novinek.cz\/index.php?rest_route=%2Fwp%2Fv2%2Fcategories&post=19892"},{"taxonomy":"post_tag","embeddable":true,"href":"https:\/\/www.seznam-novinek.cz\/index.php?rest_route=%2Fwp%2Fv2%2Ftags&post=19892"}],"curies":[{"name":"wp","href":"https:\/\/api.w.org\/{rel}","templated":true}]}}