{"id":19888,"date":"2025-08-09T04:37:47","date_gmt":"2025-08-09T04:37:47","guid":{"rendered":"https:\/\/seznam-novinek.cz\/?p=19888"},"modified":"2025-08-09T04:37:48","modified_gmt":"2025-08-09T04:37:48","slug":"termoizolacni-folie-chytre-reseni-pro-usporu-energie-i-pohodli-domova","status":"publish","type":"post","link":"https:\/\/www.seznam-novinek.cz\/?p=19888","title":{"rendered":"Termoizola\u010dn\u00ed f\u00f3lie: chytr\u00e9 \u0159e\u0161en\u00ed pro \u00fasporu energie i pohodl\u00ed domova"},"content":{"rendered":"\n<p class=\"wp-block-paragraph\">V l\u00e9t\u011b jako ve sklen\u00edku, v zim\u011b zima i p\u0159es zav\u0159en\u00e1 okna? P\u0159esn\u011b tohle za\u017e\u00edv\u00e1 ka\u017ed\u00fd, kdo je\u0161t\u011b nem\u00e1 na sv\u00fdch oknech nainstalovan\u00e9 <a href=\"https:\/\/www.ekofolie.cz\/tepelne-izolacni-folie\/\">termoizola\u010dn\u00ed f\u00f3lie<\/a>. Tyhle nen\u00e1padn\u00e9 pomocnice se b\u011bhem p\u00e1r hodin postaraj\u00ed o z\u00e1sadn\u00ed rozd\u00edl v tom, jak se doma nebo v kancel\u00e1\u0159i c\u00edt\u00edte. A nen\u00ed to \u017e\u00e1dn\u00e1 sci-fi vychyt\u00e1vka z dalek\u00e9 budoucnosti \u2013 <a href=\"https:\/\/www.ekofolie.cz\/tepelne-izolacni-folie\/\">termo folie na okna<\/a> se daj\u00ed snadno po\u0159\u00eddit, aplikovat a hlavn\u011b \u2013 funguj\u00ed hned.<\/p>\n\n\n\n<h2 class=\"wp-block-heading\">Jak termoizola\u010dn\u00ed f\u00f3lie funguj\u00ed?<\/h2>\n\n\n\n<p class=\"wp-block-paragraph\">Z\u00e1kladn\u00ed princip je jednoduch\u00fd: odr\u00e1\u017een\u00ed tepeln\u00e9ho z\u00e1\u0159en\u00ed. V zim\u011b dr\u017e\u00ed teplo uvnit\u0159, v l\u00e9t\u011b zase br\u00e1n\u00ed slune\u010dn\u00edm paprsk\u016fm, aby rozp\u00e1lily interi\u00e9r. Speci\u00e1ln\u00ed povrch f\u00f3lie funguje jako bari\u00e9ra \u2013 \u010d\u00e1ste\u010dn\u011b odraz\u00ed slune\u010dn\u00ed z\u00e1\u0159en\u00ed a \u010d\u00e1ste\u010dn\u011b ho rozpt\u00fdl\u00ed. V\u00fdsledek? Stabiln\u00ed a p\u0159\u00edjemn\u00e1 teplota bez nutnosti neust\u00e1l\u00e9ho topen\u00ed nebo klimatizace.<\/p>\n\n\n\n<p class=\"wp-block-paragraph\">Termoizola\u010dn\u00ed f\u00f3lie nav\u00edc pom\u00e1haj\u00ed chr\u00e1nit i vybaven\u00ed \u2013 minimalizuj\u00ed blednut\u00ed n\u00e1bytku, podlah i textili\u00ed zp\u016fsoben\u00e9 UV z\u00e1\u0159en\u00edm. A ano, n\u011bkter\u00e9 varianty p\u0159in\u00e1\u0161ej\u00ed i vy\u0161\u0161\u00ed m\u00edru soukrom\u00ed d\u00edky polopropustnosti.<\/p>\n\n\n\n<h2 class=\"wp-block-heading\">V\u00fdhody, kter\u00e9 nejsou jen na oko<\/h2>\n\n\n\n<p class=\"wp-block-paragraph\">Mo\u017en\u00e1 si \u0159\u00edk\u00e1te: &#8222;Je to v\u00e1\u017en\u011b takov\u00fd rozd\u00edl?&#8220; Inu, je! Tady m\u00e1te hned n\u011bkolik konkr\u00e9tn\u00edch benefit\u016f, kter\u00e9 termo folie na okna p\u0159in\u00e1\u0161\u00ed:<\/p>\n\n\n\n<ul class=\"wp-block-list\">\n<li><strong>Sn\u00ed\u017een\u00ed n\u00e1klad\u016f na vyt\u00e1p\u011bn\u00ed i chlazen\u00ed<\/strong> \u2013 a\u017e o 30 % ro\u010dn\u011b.<\/li>\n\n\n\n<li><strong>Zv\u00fd\u0161en\u00ed komfortu<\/strong> \u2013 \u017e\u00e1dn\u00e9 p\u0159eh\u0159\u00e1t\u00e9 m\u00edstnosti v l\u00e9t\u011b, \u017e\u00e1dn\u00fd chlad v zim\u011b.<\/li>\n\n\n\n<li><strong>Ochrana proti UV z\u00e1\u0159en\u00ed<\/strong> \u2013 prodlou\u017e\u00ed \u017eivotnost n\u00e1bytku i textilu.<\/li>\n\n\n\n<li><strong>Rychl\u00e1 a nen\u00e1kladn\u00e1 instalace<\/strong> \u2013 zvl\u00e1dnete i sv\u00e9pomoc\u00ed.<\/li>\n\n\n\n<li><strong>Nenaru\u0161en\u00ed v\u00fdhledu<\/strong> \u2013 f\u00f3lie jsou pr\u016fhledn\u00e9 nebo lehce t\u00f3novan\u00e9.<\/li>\n<\/ul>\n\n\n\n<p class=\"wp-block-paragraph\">A to nejlep\u0161\u00ed? V\u0161e funguje okam\u017eit\u011b po aplikaci. \u017d\u00e1dn\u00e9 \u010dek\u00e1n\u00ed, \u017e\u00e1dn\u00e9 stavebn\u00ed z\u00e1sahy.<\/p>\n\n\n\n<h2 class=\"wp-block-heading\">Kde v\u0161ude se tepeln\u011b izola\u010dn\u00ed folie na okna hod\u00ed?<\/h2>\n\n\n\n<p class=\"wp-block-paragraph\">Odpov\u011b\u010f je jednoduch\u00e1 \u2013 v\u0161ude tam, kde m\u00e1te okna. Nej\u010dast\u011bji:<\/p>\n\n\n\n<ul class=\"wp-block-list\">\n<li>v rodinn\u00fdch domech,<\/li>\n\n\n\n<li>bytov\u00fdch jednotk\u00e1ch s p\u0159\u00edm\u00fdm sluncem,<\/li>\n\n\n\n<li>kancel\u00e1\u0159\u00edch a komer\u010dn\u00edch prostor\u00e1ch,<\/li>\n\n\n\n<li>\u0161kol\u00e1ch a nemocnic\u00edch,<\/li>\n\n\n\n<li>v\u00fdloh\u00e1ch obchod\u016f,<\/li>\n\n\n\n<li>a dokonce i na st\u0159e\u0161n\u00edch oknech a zimn\u00edch zahrad\u00e1ch.<\/li>\n<\/ul>\n\n\n\n<p class=\"wp-block-paragraph\">Zaj\u00edmav\u00e9 je, \u017ee <a href=\"https:\/\/www.ekofolie.cz\/tepelne-izolacni-folie\/\">tepeln\u011b izola\u010dn\u00ed folie na okna<\/a> vyu\u017e\u00edvaj\u00ed i v\u00fdrobn\u00ed haly nebo sklady \u2013 hlavn\u011b kv\u016fli \u00faspo\u0159e energi\u00ed a ochran\u011b citliv\u00fdch v\u00fdrobk\u016f p\u0159ed p\u0159eh\u0159\u00edv\u00e1n\u00edm.<\/p>\n\n\n\n<h3 class=\"wp-block-heading\">Jak prob\u00edh\u00e1 instalace?<\/h3>\n\n\n\n<p class=\"wp-block-paragraph\">Samotn\u00e9 lepen\u00ed nen\u00ed \u017e\u00e1dn\u00e1 v\u011bda \u2013 pokud jste trochu zru\u010dn\u00ed, zvl\u00e1dnete to i sami. Nicm\u00e9n\u011b, doporu\u010duje se profesion\u00e1ln\u00ed instalace, zejm\u00e9na u v\u011bt\u0161\u00edch sklen\u011bn\u00fdch ploch nebo atypick\u00fdch tvar\u016f. D\u016fle\u017eit\u00fd je rovn\u00fd a \u010dist\u00fd povrch, bez bublin a prachu. Spr\u00e1vn\u011b nainstalovan\u00e9 termoizola\u010dn\u00ed f\u00f3lie dr\u017e\u00ed roky a neztr\u00e1c\u00ed sv\u00e9 vlastnosti.<\/p>\n\n\n\n<p class=\"wp-block-paragraph\">Instalace prob\u00edh\u00e1 obvykle takto:<\/p>\n\n\n\n<ol class=\"wp-block-list\">\n<li>D\u016fkladn\u00e9 o\u010di\u0161t\u011bn\u00ed sklen\u011bn\u00e9ho povrchu.<\/li>\n\n\n\n<li>Nanesen\u00ed aplika\u010dn\u00edho roztoku.<\/li>\n\n\n\n<li>P\u0159esn\u00e9 um\u00edst\u011bn\u00ed f\u00f3lie.<\/li>\n\n\n\n<li>Vyhlazen\u00ed f\u00f3lie st\u011brkou pro odstran\u011bn\u00ed vzduchov\u00fdch bublin.<\/li>\n\n\n\n<li>Z\u00e1v\u011bre\u010dn\u00e9 zaschnut\u00ed a o\u0159\u00edznut\u00ed p\u0159esah\u016f.<\/li>\n<\/ol>\n\n\n\n<p class=\"wp-block-paragraph\">Hotovo \u2013 a rozd\u00edl poc\u00edt\u00edte hned, jak vstoup\u00edte do m\u00edstnosti.<\/p>\n\n\n\n<h3 class=\"wp-block-heading\">M\u00fdty a fakta o termo foli\u00edch<\/h3>\n\n\n\n<p class=\"wp-block-paragraph\"><strong>M\u00fdtus \u010d. 1: Zatemn\u00ed interi\u00e9r<\/strong><br \/>Ne, kvalitn\u00ed f\u00f3lie propou\u0161t\u00ed dostatek sv\u011btla. P\u0159i spr\u00e1vn\u00e9 volb\u011b t\u00e9m\u011b\u0159 nepozn\u00e1te rozd\u00edl ve sv\u011btlosti m\u00edstnosti.<\/p>\n\n\n\n<p class=\"wp-block-paragraph\"><strong>M\u00fdtus \u010d. 2: Jsou drah\u00e9<\/strong><br \/>Naopak. Termo folie na okna jsou levn\u011bj\u0161\u00ed ne\u017e klimatizace a \u00fa\u010dinek maj\u00ed celoro\u010dn\u00ed.<\/p>\n\n\n\n<p class=\"wp-block-paragraph\"><strong>M\u00fdtus \u010d. 3: Nejsou vhodn\u00e9 do panel\u00e1k\u016f<\/strong><br \/>Ale kde\u017ee. V bytech orientovan\u00fdch na jih \u010di z\u00e1pad jsou p\u0159\u00edmo z\u00e1chranou p\u0159ed p\u0159eh\u0159\u00edv\u00e1n\u00edm.<\/p>\n\n\n\n<h3 class=\"wp-block-heading\">\u010casto kladen\u00e9 ot\u00e1zky<\/h3>\n\n\n\n<p class=\"wp-block-paragraph\"><strong>Jak dlouho termoizola\u010dn\u00ed f\u00f3lie vydr\u017e\u00ed?<\/strong><br \/>Kvalitn\u00ed f\u00f3lie vydr\u017e\u00ed a\u017e 10 let, p\u0159i spr\u00e1vn\u00e9 \u00fadr\u017eb\u011b i d\u00e9le.<\/p>\n\n\n\n<p class=\"wp-block-paragraph\"><strong>Lze f\u00f3lii z oken odstranit?<\/strong><br \/>Ano, a to bez po\u0161kozen\u00ed skla. F\u00f3lie lze vym\u011bnit za novou nebo \u00fapln\u011b odstranit.<\/p>\n\n\n\n<p class=\"wp-block-paragraph\"><strong>Pomohou f\u00f3lie i proti chladu v noci?<\/strong><br \/>Rozhodn\u011b \u2013 funguj\u00ed jako dal\u0161\u00ed vrstva izolace, kter\u00e1 sni\u017euje tepeln\u00e9 ztr\u00e1ty.<\/p>\n\n\n\n<p class=\"wp-block-paragraph\"><strong>D\u00e1 se f\u00f3lie instalovat i v zim\u011b?<\/strong><br \/>Ano, ale ide\u00e1ln\u00ed teplota pro instalaci je alespo\u0148 10 \u00b0C. P\u0159i ni\u017e\u0161\u00edch teplot\u00e1ch je t\u0159eba zv\u00fd\u0161en\u00e1 opatrnost.<\/p>\n\n\n\n<h3 class=\"wp-block-heading\">Investice, kter\u00e1 se rychle vr\u00e1t\u00ed<\/h3>\n\n\n\n<p class=\"wp-block-paragraph\">Kdy\u017e si spo\u010d\u00edt\u00e1te, kolik utrat\u00edte ro\u010dn\u011b za klimatizaci nebo vyt\u00e1p\u011bn\u00ed, a k tomu p\u0159i\u010dtete diskomfort ze \u0161patn\u00e9 tepeln\u00e9 izolace, nen\u00ed o \u010dem p\u0159em\u00fd\u0161let. Termoizola\u010dn\u00ed f\u00f3lie jsou jednoduch\u00fd, ale vysoce \u00fa\u010dinn\u00fd zp\u016fsob, jak si zajistit tepeln\u00fd komfort bez zbyte\u010dn\u00fdch v\u00fddaj\u016f.<\/p>\n\n\n\n<p class=\"wp-block-paragraph\">A\u0165 u\u017e jste majitel domu, bytu nebo provozovny \u2013 za\u010dn\u011bte u oken. P\u0159es n\u011b toti\u017e ut\u00edk\u00e1 a\u017e 30 % tepla. A p\u0159es n\u011b se tak\u00e9 vrac\u00ed zp\u011bt, pokud jim pom\u016f\u017eete.<\/p>\n\n\n\n<p class=\"wp-block-paragraph\">Chcete si vybrat tu pravou f\u00f3lii pr\u00e1v\u011b pro v\u00e1s? Nav\u0161tivte web https:\/\/www.ekofolie.cz\/tepelne-izolacni-folie\/ a objevte, co v\u0161echno dne\u0161n\u00ed <strong>termoizola\u010dn\u00ed f\u00f3lie<\/strong> dok\u00e1\u017eou.<\/p>\n","protected":false},"excerpt":{"rendered":"<p>V l\u00e9t\u011b jako ve sklen\u00edku, v zim\u011b zima i p\u0159es zav\u0159en\u00e1 okna? P\u0159esn\u011b tohle za\u017e\u00edv\u00e1 ka\u017ed\u00fd, kdo je\u0161t\u011b nem\u00e1 na sv\u00fdch oknech nainstalovan\u00e9 termoizola\u010dn\u00ed f\u00f3lie. Tyhle nen\u00e1padn\u00e9 pomocnice se b\u011bhem p\u00e1r hodin postaraj\u00ed o z\u00e1sadn\u00ed rozd\u00edl v tom, jak se doma nebo v kancel\u00e1\u0159i c\u00edt\u00edte. A nen\u00ed to \u017e\u00e1dn\u00e1 sci-fi vychyt\u00e1vka z dalek\u00e9 budoucnosti \u2013 [&hellip;]<\/p>\n","protected":false},"author":1,"featured_media":19889,"comment_status":"closed","ping_status":"closed","sticky":false,"template":"","format":"standard","meta":{"_sitemap_exclude":false,"_sitemap_priority":"","_sitemap_frequency":"","tdm_status":"","tdm_grid_status":"","footnotes":""},"categories":[445],"tags":[],"class_list":["post-19888","post","type-post","status-publish","format-standard","has-post-thumbnail","category-rady-a-navody"],"_links":{"self":[{"href":"https:\/\/www.seznam-novinek.cz\/index.php?rest_route=\/wp\/v2\/posts\/19888","targetHints":{"allow":["GET"]}}],"collection":[{"href":"https:\/\/www.seznam-novinek.cz\/index.php?rest_route=\/wp\/v2\/posts"}],"about":[{"href":"https:\/\/www.seznam-novinek.cz\/index.php?rest_route=\/wp\/v2\/types\/post"}],"author":[{"embeddable":true,"href":"https:\/\/www.seznam-novinek.cz\/index.php?rest_route=\/wp\/v2\/users\/1"}],"replies":[{"embeddable":true,"href":"https:\/\/www.seznam-novinek.cz\/index.php?rest_route=%2Fwp%2Fv2%2Fcomments&post=19888"}],"version-history":[{"count":1,"href":"https:\/\/www.seznam-novinek.cz\/index.php?rest_route=\/wp\/v2\/posts\/19888\/revisions"}],"predecessor-version":[{"id":19890,"href":"https:\/\/www.seznam-novinek.cz\/index.php?rest_route=\/wp\/v2\/posts\/19888\/revisions\/19890"}],"wp:featuredmedia":[{"embeddable":true,"href":"https:\/\/www.seznam-novinek.cz\/index.php?rest_route=\/wp\/v2\/media\/19889"}],"wp:attachment":[{"href":"https:\/\/www.seznam-novinek.cz\/index.php?rest_route=%2Fwp%2Fv2%2Fmedia&parent=19888"}],"wp:term":[{"taxonomy":"category","embeddable":true,"href":"https:\/\/www.seznam-novinek.cz\/index.php?rest_route=%2Fwp%2Fv2%2Fcategories&post=19888"},{"taxonomy":"post_tag","embeddable":true,"href":"https:\/\/www.seznam-novinek.cz\/index.php?rest_route=%2Fwp%2Fv2%2Ftags&post=19888"}],"curies":[{"name":"wp","href":"https:\/\/api.w.org\/{rel}","templated":true}]}}