{"id":19880,"date":"2025-07-30T05:33:53","date_gmt":"2025-07-30T05:33:53","guid":{"rendered":"https:\/\/seznam-novinek.cz\/?p=19880"},"modified":"2025-07-30T05:33:54","modified_gmt":"2025-07-30T05:33:54","slug":"umeni-nic-nedelat-proc-je-tak-tezke-opravdu-vypnout","status":"publish","type":"post","link":"https:\/\/www.seznam-novinek.cz\/?p=19880","title":{"rendered":"Um\u011bn\u00ed nic ned\u011blat: pro\u010d je tak t\u011b\u017ek\u00e9 opravdu vypnout"},"content":{"rendered":"\n<p class=\"wp-block-paragraph\">Zkuste si na chv\u00edli sednout na gau\u010d. Bez telefonu. Bez televize. Bez hudby. Jen tak b\u00fdt. D\u00fdchat. Vn\u00edmat p\u0159\u00edtomn\u00fd okam\u017eik. Pro mnoho lid\u00ed je tohle p\u0159edstava sp\u00ed\u0161e d\u011bsiv\u00e1 ne\u017e uklid\u0148uj\u00edc\u00ed. A nen\u00ed divu. V dob\u011b permanentn\u00ed stimulace, v\u00fdkonu a neust\u00e1l\u00e9 akce jsme t\u00e9m\u011b\u0159 zapomn\u011bli, co znamen\u00e1 opravdu si odpo\u010dinout. Ne proto, \u017ee bychom necht\u011bli \u2013 ale proto\u017ee u\u017e to jednodu\u0161e neum\u00edme.<\/p>\n\n\n\n<h2 class=\"wp-block-heading\">Kdy\u017e ticho vyvol\u00e1v\u00e1 neklid<\/h2>\n\n\n\n<p class=\"wp-block-paragraph\">Nicned\u011bl\u00e1n\u00ed nen\u00ed lenost. Je to dovednost. A pro spoustu lid\u00ed dnes p\u0159edstavuje paradoxn\u00ed zdroj stresu. Jakmile se zastav\u00ed vn\u011bj\u0161\u00ed ruch, spust\u00ed se vnit\u0159n\u00ed. Hlava za\u010dne p\u0159ehr\u00e1vat \u00fakoly, v\u00fd\u010ditky, neuzav\u0159en\u00e9 situace. Objev\u00ed se pocit viny, \u017ee \u010das \u201enevyu\u017e\u00edv\u00e1me efektivn\u011b\u201c. M\u00edsto klidu p\u0159ich\u00e1z\u00ed vnit\u0159n\u00ed chaos.<\/p>\n\n\n\n<p class=\"wp-block-paragraph\">Ticho, kter\u00e9 d\u0159\u00edve p\u0159in\u00e1\u0161elo prostor pro odpo\u010dinek a nadhled, dnes mnohdy odhal\u00ed nep\u0159\u00edjemn\u00e9 my\u0161lenky, \u00fazkosti nebo neklid, kter\u00e9 jsme dote\u010f dr\u017eeli pod pokli\u010dkou. A pr\u00e1v\u011b to b\u00fdv\u00e1 d\u016fvodem, pro\u010d tolik lid\u00ed rad\u011bji sah\u00e1 po telefonu, pracovn\u00edch \u00fakolech nebo jak\u00e9koli jin\u00e9 \u010dinnosti \u2013 jen aby se vyhnuli setk\u00e1n\u00ed sami se sebou.<\/p>\n\n\n\n<h2 class=\"wp-block-heading\">Spole\u010dnost v\u00fdkonu a vn\u011bj\u0161\u00ed validace<\/h2>\n\n\n\n<p class=\"wp-block-paragraph\">Modern\u00ed spole\u010dnost stav\u00ed \u00fasp\u011bch na produktivit\u011b, v\u00fdsledc\u00edch a viditeln\u00e9m v\u00fdkonu. \u201eJsem, proto\u017ee d\u011bl\u00e1m.\u201c Tento podv\u011bdom\u00fd vzorec se hluboce zako\u0159enil do na\u0161eho vn\u00edm\u00e1n\u00ed hodnoty sebe sama. \u010c\u00edm v\u00edc d\u011bl\u00e1me, t\u00edm v\u00edc si zaslou\u017e\u00edme odpo\u010dinek \u2013 ale i ten mus\u00ed b\u00fdt aktivn\u00ed, smyslupln\u00fd, nejl\u00e9pe se sd\u00edlen\u00fdm v\u00fdstupem.<\/p>\n\n\n\n<p class=\"wp-block-paragraph\">Z t\u00e9to rovnice pak pramen\u00ed obrovsk\u00fd tlak na v\u00fdkon i ve chv\u00edl\u00edch, kdy bychom m\u011bli regenerovat. A kdy\u017e se o odpo\u010dinek p\u0159ece jen pokus\u00edme, mozek to \u010dasto nech\u00e1pe jako legitimn\u00ed aktivitu. M\u00edsto uvoln\u011bn\u00ed nastupuje nervozita. Pro\u010d nic ned\u011bl\u00e1m? Neztr\u00e1c\u00edm \u010das? Neuteklo mi n\u011bco?<\/p>\n\n\n\n<h2 class=\"wp-block-heading\">Kdy\u017e se stav m\u011bn\u00ed v \u00fazkost<\/h2>\n\n\n\n<p class=\"wp-block-paragraph\">Schopnost zastavit se nen\u00ed p\u0159epych. Je to z\u00e1kladn\u00ed psychick\u00e1 pot\u0159eba. Jen\u017ee dlouhodob\u00e9 pop\u00edr\u00e1n\u00ed klidu jako hodnoty m\u00e1 d\u016fsledky. T\u011blo i psychika za\u010dnou reagovat \u2013 podr\u00e1\u017ed\u011bnost\u00ed, vy\u010derp\u00e1n\u00edm, poruchami sp\u00e1nku, somatick\u00fdmi p\u0159\u00edznaky, nebo n\u00e1hl\u00fdmi v\u00fdkyvy n\u00e1lad. \u010c\u00edm d\u00e9le ignorujeme sign\u00e1ly k zastaven\u00ed, t\u00edm siln\u011bj\u0161\u00ed b\u00fdv\u00e1 reakce.<\/p>\n\n\n\n<p class=\"wp-block-paragraph\">Pr\u00e1v\u011b <em><strong>\u00fazkosti<\/strong><\/em> \u010dasto vznikaj\u00ed ve chv\u00edl\u00edch, kdy t\u011blo tou\u017e\u00ed po klidu, ale mysl ho neum\u00ed p\u0159ijmout. M\u00edsto zpomalen\u00ed se spust\u00ed stresov\u00e1 reakce, p\u0159esto\u017ee neexistuje re\u00e1ln\u00e9 nebezpe\u010d\u00ed. Jsme zahlceni \u2013 ale neum\u00edme si to p\u0159iznat. Mnohdy m\u00e1me dojem, \u017ee pot\u0159ebujeme d\u011blat je\u0161t\u011b v\u00edc, abychom to v\u0161echno \u201evyrovnali\u201c.<\/p>\n\n\n\n<h2 class=\"wp-block-heading\">Jak se znovu nau\u010dit nicned\u011bl\u00e1n\u00ed<\/h2>\n\n\n\n<p class=\"wp-block-paragraph\">Nicned\u011bl\u00e1n\u00ed nen\u00ed slabost. Je to zp\u016fsob, jak nav\u00e1zat kontakt s\u00e1m se sebou. Jak znovu sly\u0161et sv\u016fj vnit\u0159n\u00ed hlas, m\u00edsto abychom neust\u00e1le reagovali na hlasy zven\u010d\u00ed. Nau\u010dit se jen tak b\u00fdt je cesta \u2013 a za\u010d\u00edn\u00e1 v mal\u00fdch kroc\u00edch:<\/p>\n\n\n\n<ul class=\"wp-block-list\">\n<li><strong>P\u0159ijm\u011bte klid jako hodnotu<\/strong> \u2013 Odpo\u010dinek je aktivn\u00ed sou\u010d\u00e1st \u017eivota. M\u00e1 pr\u00e1vo existovat i bez v\u00fdkonu.<\/li>\n\n\n\n<li><strong>Za\u010dn\u011bte s kr\u00e1tk\u00fdmi pauzami<\/strong> \u2013 P\u011bt minut bez telefonu. Kr\u00e1tk\u00e1 proch\u00e1zka bez c\u00edle. Pohled z okna bez my\u0161len\u00ed na to, co bude.<\/li>\n\n\n\n<li><strong>Pozorujte sv\u00e9 reakce<\/strong> \u2013 Jak se c\u00edt\u00edte, kdy\u017e ned\u011bl\u00e1te nic? Kde v t\u011ble se objevuje neklid? Co v\u00e1m hlava \u0159\u00edk\u00e1?<\/li>\n\n\n\n<li><strong>Zam\u011b\u0159te se na dech<\/strong> \u2013 D\u00fdch\u00e1n\u00ed je kotva, kter\u00e1 v\u00e1s vr\u00e1t\u00ed do p\u0159\u00edtomnosti. I p\u00e1r v\u011bdom\u00fdch n\u00e1dech\u016f m\u016f\u017ee zm\u011bnit dynamiku dne.<\/li>\n\n\n\n<li><strong>Bu\u010fte laskav\u00ed sami k sob\u011b<\/strong> \u2013 U\u010dit se nicned\u011blat nen\u00ed selh\u00e1n\u00ed. Je to dovednost, kterou si znovu osvojujete.<\/li>\n<\/ul>\n\n\n\n<h2 class=\"wp-block-heading\">M\u00e9n\u011b je n\u011bkdy mnohem v\u00edc<\/h2>\n\n\n\n<p class=\"wp-block-paragraph\">Ve sv\u011bt\u011b zahlcen\u00e9m informacemi, dojmy a po\u017eadavky m\u016f\u017ee b\u00fdt skute\u010dn\u00fd luxus pr\u00e1v\u011b to, co je nejjednodu\u0161\u0161\u00ed \u2013 klid, ticho, nic. A pr\u00e1v\u011b tam, v prostoru bez o\u010dek\u00e1v\u00e1n\u00ed a v\u00fdkonu, se \u010dasto objev\u00ed to nejcenn\u011bj\u0161\u00ed: pocit vnit\u0159n\u00ed jistoty. N\u00e1vrat k sob\u011b.<\/p>\n\n\n\n<p class=\"wp-block-paragraph\">Pokud vn\u00edm\u00e1te, \u017ee m\u00e1te probl\u00e9m s vypnut\u00edm, \u017ee klid spou\u0161t\u00ed neklid nebo \u017ee se nedok\u00e1\u017eete zastavit bez v\u00fd\u010ditek, je v po\u0159\u00e1dku hledat <a href=\"https:\/\/institutoriganum.cz\/\"><em><strong>odbornou pomoc<\/strong><\/em><\/a>. Dne\u0161n\u00ed p\u0159\u00edstup k du\u0161evn\u00edmu zdrav\u00ed u\u017e nevn\u00edm\u00e1 \u00fanavu nebo vnit\u0159n\u00ed nap\u011bt\u00ed jako slabost, ale jako sign\u00e1l ke zm\u011bn\u011b. A ta \u010dasto za\u010d\u00edn\u00e1 u toho nejprost\u0161\u00edho \u2013 nau\u010dit se prost\u011b b\u00fdt.<\/p>\n","protected":false},"excerpt":{"rendered":"<p>Zkuste si na chv\u00edli sednout na gau\u010d. Bez telefonu. Bez televize. Bez hudby. Jen tak b\u00fdt. D\u00fdchat. Vn\u00edmat p\u0159\u00edtomn\u00fd okam\u017eik. Pro mnoho lid\u00ed je tohle p\u0159edstava sp\u00ed\u0161e d\u011bsiv\u00e1 ne\u017e uklid\u0148uj\u00edc\u00ed. A nen\u00ed divu. V dob\u011b permanentn\u00ed stimulace, v\u00fdkonu a neust\u00e1l\u00e9 akce jsme t\u00e9m\u011b\u0159 zapomn\u011bli, co znamen\u00e1 opravdu si odpo\u010dinout. Ne proto, \u017ee bychom necht\u011bli \u2013 [&hellip;]<\/p>\n","protected":false},"author":1,"featured_media":19881,"comment_status":"closed","ping_status":"closed","sticky":false,"template":"","format":"standard","meta":{"_sitemap_exclude":false,"_sitemap_priority":"","_sitemap_frequency":"","tdm_status":"","tdm_grid_status":"","footnotes":""},"categories":[445],"tags":[],"class_list":["post-19880","post","type-post","status-publish","format-standard","has-post-thumbnail","category-rady-a-navody"],"_links":{"self":[{"href":"https:\/\/www.seznam-novinek.cz\/index.php?rest_route=\/wp\/v2\/posts\/19880","targetHints":{"allow":["GET"]}}],"collection":[{"href":"https:\/\/www.seznam-novinek.cz\/index.php?rest_route=\/wp\/v2\/posts"}],"about":[{"href":"https:\/\/www.seznam-novinek.cz\/index.php?rest_route=\/wp\/v2\/types\/post"}],"author":[{"embeddable":true,"href":"https:\/\/www.seznam-novinek.cz\/index.php?rest_route=\/wp\/v2\/users\/1"}],"replies":[{"embeddable":true,"href":"https:\/\/www.seznam-novinek.cz\/index.php?rest_route=%2Fwp%2Fv2%2Fcomments&post=19880"}],"version-history":[{"count":1,"href":"https:\/\/www.seznam-novinek.cz\/index.php?rest_route=\/wp\/v2\/posts\/19880\/revisions"}],"predecessor-version":[{"id":19882,"href":"https:\/\/www.seznam-novinek.cz\/index.php?rest_route=\/wp\/v2\/posts\/19880\/revisions\/19882"}],"wp:featuredmedia":[{"embeddable":true,"href":"https:\/\/www.seznam-novinek.cz\/index.php?rest_route=\/wp\/v2\/media\/19881"}],"wp:attachment":[{"href":"https:\/\/www.seznam-novinek.cz\/index.php?rest_route=%2Fwp%2Fv2%2Fmedia&parent=19880"}],"wp:term":[{"taxonomy":"category","embeddable":true,"href":"https:\/\/www.seznam-novinek.cz\/index.php?rest_route=%2Fwp%2Fv2%2Fcategories&post=19880"},{"taxonomy":"post_tag","embeddable":true,"href":"https:\/\/www.seznam-novinek.cz\/index.php?rest_route=%2Fwp%2Fv2%2Ftags&post=19880"}],"curies":[{"name":"wp","href":"https:\/\/api.w.org\/{rel}","templated":true}]}}