{"id":19484,"date":"2022-12-19T18:49:30","date_gmt":"2022-12-19T18:49:30","guid":{"rendered":"https:\/\/seznam-novinek.cz\/?p=19484"},"modified":"2022-12-19T18:49:31","modified_gmt":"2022-12-19T18:49:31","slug":"jake-zajimave-pracovni-prilezitosti-prinasi-olomouc-mimo-cestovniho-ruchu","status":"publish","type":"post","link":"https:\/\/www.seznam-novinek.cz\/?p=19484","title":{"rendered":"Jak\u00e9 zaj\u00edmav\u00e9 pracovn\u00ed p\u0159\u00edle\u017eitosti p\u0159in\u00e1\u0161\u00ed Olomouc mimo cestovn\u00edho ruchu?"},"content":{"rendered":"\n<p class=\"wp-block-paragraph\">Cestovn\u00ed ruch je pro Olomouc bez jak\u00fdchkoliv debat jednou z&nbsp;oblast\u00ed, kter\u00e1 ur\u010duje velkou \u010d\u00e1st p\u0159\u00edjm\u016f m\u00edstn\u00edch podnik\u016f. A\u010dkoliv se to n\u00e1m \u010cech\u016fm nemus\u00ed zd\u00e1t, tak je nejen od n\u00e1s, ale tak\u00e9 ze zahrani\u010d\u00ed Olomouc pravideln\u011b nav\u0161t\u011bvovan\u00e1 hlavn\u011b d\u00edky sv\u00e9mu historick\u00e9mu centru.<\/p>\n\n\n\n<p class=\"wp-block-paragraph\">Pro lidi, kte\u0159\u00ed pracuj\u00ed v&nbsp;ubytov\u00e1n\u00ed a gastronomii tak dok\u00e1\u017ee Olomouc nab\u00eddnout dost stabiln\u011b kvalitn\u00ed finance. Jen\u017ee co kdy\u017e naopak v&nbsp;t\u011bchto oborech nepracujete? Pak se nebojte, ohromn\u00e1 popt\u00e1vka je i po jin\u00fdch!<\/p>\n\n\n\n<p class=\"wp-block-paragraph\"><strong>Strojn\u00ed technici a \u0159emesln\u00edci<\/strong><\/p>\n\n\n\n<p class=\"wp-block-paragraph\">Olomouc je v\u00fdjime\u010dn\u00e1 v&nbsp;tom, \u017ee je mimo svoj\u00ed opravdu kr\u00e1sn\u00e9 historick\u00e9 \u010d\u00e1sti tak\u00e9 aktivn\u00edm pr\u016fmyslov\u00fdm m\u011bstem. V\u00fdjime\u010dnost p\u0159itom spo\u010d\u00edv\u00e1 v&nbsp;tom, \u017ee se da\u0159\u00ed m\u011bstu ob\u011b sf\u00e9ry odd\u011blit tak, aby se navz\u00e1jem nenaru\u0161ovaly. Z&nbsp;toho d\u016fvodu tak mnoh\u00e9 <a href=\"https:\/\/cz.jobimi.com\/prace\/olomouc\/\">nab\u00eddky pr\u00e1ce Olomouc<\/a> sm\u011b\u0159uje do takov\u00fdch obor\u016f, kter\u00e9 jsou pro pr\u016fmyslovou v\u00fdrobu a jej\u00ed b\u011bh naprosto z\u00e1sadn\u00ed.<\/p>\n\n\n\n<p class=\"wp-block-paragraph\">Nejedn\u00e1 se p\u0159itom o p\u00e1r pozic. Samotn\u00fdch pozic jsou minim\u00e1ln\u011b des\u00edtky a naprosto b\u011b\u017en\u011b se potk\u00e1me s&nbsp;dal\u0161\u00edmi des\u00edtkami obor\u016f. V\u011bt\u0161inu <a href=\"https:\/\/cz.jobimi.com\/prace\/olomouc\/\">pr\u00e1ce v&nbsp;Olomouci<\/a> tak m\u016f\u017eete naj\u00edt na pozici r\u016fzn\u00fdch druh\u016f \u0159emesln\u00edk\u016f, ale tak\u00e9 technik\u016f, \u00fadr\u017eb\u00e1\u0159\u016f, CNC program\u00e1tor\u016f, a dal\u0161\u00edch lid\u00ed zodpov\u00eddaj\u00edc\u00edch za b\u011bh v\u00fdroby.<\/p>\n\n\n\n<p class=\"wp-block-paragraph\"><strong>Pern\u00e1 dopravn\u00ed infrastruktura<\/strong><\/p>\n\n\n\n<p class=\"wp-block-paragraph\">M\u00edstn\u00ed dopravn\u00ed infrastruktura je rozhodn\u011b jednou z&nbsp;oblast\u00ed, kter\u00e9 stoj\u00ed za zm\u00edn\u011bn\u00ed. D\u016fvodem je, \u017ee Olomouc kolem m\u011bsta m\u016f\u017ee nab\u00eddnout jedny z&nbsp;nejv\u011bt\u0161\u00edch skladovac\u00edch prostor\u016f a vozov\u00fdch park\u016f v&nbsp;republice. Pochopiteln\u011b jsou tak m\u00edstn\u00edmi firmami generov\u00e1na <a href=\"https:\/\/cz.jobimi.com\/prace\/olomouc\/\">pracovn\u00ed m\u00edsta Olomouc<\/a>, kter\u00e1 jsou \u00fazce sv\u00e1z\u00e1na s&nbsp;aktivitou t\u011bchto m\u00edst. Mezi nimi m\u016f\u017eete naj\u00edt p\u0159edev\u0161\u00edm pracovn\u00edky v&nbsp;doprav\u011b jako takov\u00e9 od logick\u00fdch \u010d\u00e1st\u00ed, a\u017e po z\u00e1kladn\u00ed zam\u011bstnance. Nejzaj\u00edmav\u011bj\u0161\u00ed nab\u00eddky p\u0159itom budou \u010dekat hlavn\u011b \u0159idi\u010de mezin\u00e1rodn\u00ed dopravy, ale tak\u00e9 m\u00edstn\u00ed m\u011bstsk\u00e9 hromadn\u00e9 dopravy.<\/p>\n","protected":false},"excerpt":{"rendered":"<p>Cestovn\u00ed ruch je pro Olomouc bez jak\u00fdchkoliv debat jednou z&nbsp;oblast\u00ed, kter\u00e1 ur\u010duje velkou \u010d\u00e1st p\u0159\u00edjm\u016f m\u00edstn\u00edch podnik\u016f. A\u010dkoliv se to n\u00e1m \u010cech\u016fm nemus\u00ed zd\u00e1t, tak je nejen od n\u00e1s, ale tak\u00e9 ze zahrani\u010d\u00ed Olomouc pravideln\u011b nav\u0161t\u011bvovan\u00e1 hlavn\u011b d\u00edky sv\u00e9mu historick\u00e9mu centru. Pro lidi, kte\u0159\u00ed pracuj\u00ed v&nbsp;ubytov\u00e1n\u00ed a gastronomii tak dok\u00e1\u017ee Olomouc nab\u00eddnout dost stabiln\u011b kvalitn\u00ed [&hellip;]<\/p>\n","protected":false},"author":1,"featured_media":19485,"comment_status":"open","ping_status":"open","sticky":false,"template":"","format":"standard","meta":{"_sitemap_exclude":false,"_sitemap_priority":"","_sitemap_frequency":"","tdm_status":"","tdm_grid_status":"","footnotes":""},"categories":[445],"tags":[],"class_list":["post-19484","post","type-post","status-publish","format-standard","has-post-thumbnail","category-rady-a-navody"],"_links":{"self":[{"href":"https:\/\/www.seznam-novinek.cz\/index.php?rest_route=\/wp\/v2\/posts\/19484","targetHints":{"allow":["GET"]}}],"collection":[{"href":"https:\/\/www.seznam-novinek.cz\/index.php?rest_route=\/wp\/v2\/posts"}],"about":[{"href":"https:\/\/www.seznam-novinek.cz\/index.php?rest_route=\/wp\/v2\/types\/post"}],"author":[{"embeddable":true,"href":"https:\/\/www.seznam-novinek.cz\/index.php?rest_route=\/wp\/v2\/users\/1"}],"replies":[{"embeddable":true,"href":"https:\/\/www.seznam-novinek.cz\/index.php?rest_route=%2Fwp%2Fv2%2Fcomments&post=19484"}],"version-history":[{"count":0,"href":"https:\/\/www.seznam-novinek.cz\/index.php?rest_route=\/wp\/v2\/posts\/19484\/revisions"}],"wp:featuredmedia":[{"embeddable":true,"href":"https:\/\/www.seznam-novinek.cz\/index.php?rest_route=\/wp\/v2\/media\/19485"}],"wp:attachment":[{"href":"https:\/\/www.seznam-novinek.cz\/index.php?rest_route=%2Fwp%2Fv2%2Fmedia&parent=19484"}],"wp:term":[{"taxonomy":"category","embeddable":true,"href":"https:\/\/www.seznam-novinek.cz\/index.php?rest_route=%2Fwp%2Fv2%2Fcategories&post=19484"},{"taxonomy":"post_tag","embeddable":true,"href":"https:\/\/www.seznam-novinek.cz\/index.php?rest_route=%2Fwp%2Fv2%2Ftags&post=19484"}],"curies":[{"name":"wp","href":"https:\/\/api.w.org\/{rel}","templated":true}]}}