{"id":19444,"date":"2022-07-12T18:01:29","date_gmt":"2022-07-12T18:01:29","guid":{"rendered":"https:\/\/seznam-novinek.cz\/?p=19444"},"modified":"2022-07-12T18:01:30","modified_gmt":"2022-07-12T18:01:30","slug":"ochranit-auto-pred-neprizni-pocasi-lze-i-za-pomerne-nizkou-cenu","status":"publish","type":"post","link":"https:\/\/www.seznam-novinek.cz\/?p=19444","title":{"rendered":"Ochr\u00e1nit auto p\u0159ed nep\u0159\u00edzn\u00ed po\u010das\u00ed lze i za pom\u011brn\u011b n\u00edzkou cenu"},"content":{"rendered":"\n<p class=\"wp-block-paragraph\">Tak\u00e9 pat\u0159\u00edte k majitel\u016fm automobil\u016f, kte\u0159\u00ed jej pou\u017e\u00edvaj\u00ed nap\u0159\u00edklad o v\u00edkendu nebo pouze p\u00e1rkr\u00e1t do m\u011bs\u00edce? Bohu\u017eel ale bydl\u00edte ve m\u011bst\u011b a nem\u00e1te mo\u017enost sv\u016fj v\u016fz gar\u00e1\u017eovat? Je v\u00e1m smutno z pohledu na \u0161pinav\u00e9 auto? Nav\u00edc sem tam projde n\u011bjak\u00fd cyklista v t\u011bsn\u00e9 bl\u00edzkosti a \u0161lap\u00e1tkem od\u0159e lak na voze? M\u00e1me pro v\u00e1s jedno \u0159e\u0161en\u00ed, kter\u00e9 lze vyu\u017e\u00edt na v\u00edce zp\u016fsob\u016f.<\/p>\n\n\n\n<h2 class=\"wp-block-heading\">Jednoduch\u00e9 \u0159e\u0161en\u00ed<\/h2>\n\n\n\n<p class=\"wp-block-paragraph\">Po\u0161kr\u00e1ban\u00e1 karoserie vozu jist\u011b roz\u010diluje ka\u017ed\u00e9ho majitele, a to bez rozd\u00edlu na dan\u00fd typ auta. Velk\u00fdm pomocn\u00edkem, kter\u00fd ji m\u016f\u017ee ochr\u00e1nit je <a href=\"https:\/\/www.autodoplnky-obchod.cz\/ochranne-plachty-auta\/\">autoplachta<\/a>. Prodlou\u017e\u00ed \u017eivotnost laku, ale tak\u00e9 v\u00e1m m\u016f\u017ee u\u0161et\u0159it \u010das a usnadnit pr\u00e1ci.&nbsp;<\/p>\n\n\n\n<p class=\"wp-block-paragraph\">Autoplachta na auto je jednodu\u0161e \u0159e\u010deno velk\u00fdm pomocn\u00edkem. Chr\u00e1n\u00ed p\u0159ed UV z\u00e1\u0159en\u00edm, p\u0159ed prachem, odletuj\u00edc\u00edmi kam\u00ednky, cyklisty, p\u0159ed trusem ptactva a hmyzu, ale tak\u00e9 p\u0159ed kroupami. To stejn\u00e9 plat\u00ed v zim\u011b, kdy p\u0159es noc napadne n\u011bkolik centimetr\u016f sn\u011bhu a v\u00e1m se nechce p\u0159ed odjezdem do pr\u00e1ce zdlouhav\u011b odmetat sn\u00edh. Jednodu\u0161e sejmete plachtu, vyt\u0159epete, schov\u00e1te a m\u016f\u017eete vyrazit. To stejn\u00e9 plat\u00ed i v p\u0159\u00edpad\u011b zlod\u011bj\u016f. Z\u0159ejm\u011b nikdo nebude cht\u00edt \u0161ustit s plachtou a riskovat odhalen\u00ed.&nbsp;<\/p>\n\n\n<div class=\"wp-block-image\">\n<figure class=\"aligncenter size-full is-resized\"><a href=\"https:\/\/seznam-novinek.cz\/wp-content\/uploads\/2022\/07\/bigstock-A-Car-Parked-With-Protective-C-301058539.jpg\"><img loading=\"lazy\" decoding=\"async\" src=\"https:\/\/seznam-novinek.cz\/wp-content\/uploads\/2022\/07\/bigstock-A-Car-Parked-With-Protective-C-301058539.jpg\" alt=\"\" class=\"wp-image-19445\" width=\"797\" height=\"531\" srcset=\"https:\/\/www.seznam-novinek.cz\/wp-content\/uploads\/2022\/07\/bigstock-A-Car-Parked-With-Protective-C-301058539.jpg 900w, https:\/\/www.seznam-novinek.cz\/wp-content\/uploads\/2022\/07\/bigstock-A-Car-Parked-With-Protective-C-301058539-300x200.jpg 300w, https:\/\/www.seznam-novinek.cz\/wp-content\/uploads\/2022\/07\/bigstock-A-Car-Parked-With-Protective-C-301058539-768x512.jpg 768w\" sizes=\"auto, (max-width: 797px) 100vw, 797px\" \/><\/a><\/figure>\n<\/div>\n\n\n<p class=\"wp-block-paragraph\">Dokonce lze <a href=\"https:\/\/www.autodoplnky-obchod.cz\/ochranne-plachty-auta\/\">ochrannou autoplachtu<\/a> pou\u017e\u00edvat i v gar\u00e1\u017ei, aby se v\u00e1m na v\u016fz nepr\u00e1\u0161ilo. I prach toti\u017e dok\u00e1\u017ee po\u0161kr\u00e1bat n\u00e1dhern\u00fd a leskl\u00fd lak.&nbsp;&nbsp;<\/p>\n\n\n\n<h2 class=\"wp-block-heading\">Vyberte plachtu, kter\u00e1 padne jako ulit\u00e1<\/h2>\n\n\n\n<p class=\"wp-block-paragraph\">Plachtu je t\u0159eba vyb\u00edrat s rozmyslem. Mus\u00ed v\u00e1m toti\u017e na v\u016fz padnout tak, aby nikde nevznikaly mezery, \u0161kv\u00edry a tak d\u00e1le. Ka\u017ed\u00e1 mus\u00ed b\u00fdt t\u011bsn\u00e1 a m\u011bla by m\u00edt ve spodn\u00ed \u010d\u00e1sti gumu nebo up\u00ednac\u00ed \u0161\u0148\u016frky, kter\u00e9 zajist\u00ed t\u011bsnost.&nbsp;<\/p>\n\n\n\n<p class=\"wp-block-paragraph\">Nab\u00eddka autoplachet je opravdu bohat\u00e1. Ov\u0161em nezoufejte, nen\u00ed t\u0159eba. U kvalitn\u00edch prodejc\u016f autodopl\u0148k\u016f vyberete jednodu\u0161e. Zadejte p\u0159esn\u00fd typ va\u0161eho vozu, pop\u0159\u00edpad\u011b i rok v\u00fdroby a vyberte si tu, kterou pot\u0159ebujete. Vyb\u00edrat m\u016f\u017eete tenk\u00e9 \u2013 nylonov\u00e9, kter\u00e9 dokonale poslou\u017e\u00ed proti pylu venku nebo prachu v gar\u00e1\u017ei. Vod\u011bodoln\u00e9 jsou vhodn\u00e9 proti sn\u011bhu a de\u0161ti. <a href=\"https:\/\/www.autodoplnky-obchod.cz\/ochranna-plachta-auta-proti-kroupam-vel--suv-van-530--205--160-cm\/\">Autoplachty s membr\u00e1nou<\/a> jsou vhodn\u00e9 proti kroup\u00e1m.&nbsp;<\/p>\n","protected":false},"excerpt":{"rendered":"<p>Tak\u00e9 pat\u0159\u00edte k majitel\u016fm automobil\u016f, kte\u0159\u00ed jej pou\u017e\u00edvaj\u00ed nap\u0159\u00edklad o v\u00edkendu nebo pouze p\u00e1rkr\u00e1t do m\u011bs\u00edce? Bohu\u017eel ale bydl\u00edte ve m\u011bst\u011b a nem\u00e1te mo\u017enost sv\u016fj v\u016fz gar\u00e1\u017eovat? Je v\u00e1m smutno z pohledu na \u0161pinav\u00e9 auto? Nav\u00edc sem tam projde n\u011bjak\u00fd cyklista v t\u011bsn\u00e9 bl\u00edzkosti a \u0161lap\u00e1tkem od\u0159e lak na voze? M\u00e1me pro v\u00e1s jedno \u0159e\u0161en\u00ed, [&hellip;]<\/p>\n","protected":false},"author":102,"featured_media":19446,"comment_status":"open","ping_status":"open","sticky":false,"template":"","format":"standard","meta":{"_sitemap_exclude":false,"_sitemap_priority":"","_sitemap_frequency":"","tdm_status":"","tdm_grid_status":"","footnotes":""},"categories":[123],"tags":[68,419,420,421],"class_list":["post-19444","post","type-post","status-publish","format-standard","has-post-thumbnail","category-auto-moto","tag-auto","tag-autodoplnky","tag-autoplachta","tag-ochrana-auta"],"_links":{"self":[{"href":"https:\/\/www.seznam-novinek.cz\/index.php?rest_route=\/wp\/v2\/posts\/19444","targetHints":{"allow":["GET"]}}],"collection":[{"href":"https:\/\/www.seznam-novinek.cz\/index.php?rest_route=\/wp\/v2\/posts"}],"about":[{"href":"https:\/\/www.seznam-novinek.cz\/index.php?rest_route=\/wp\/v2\/types\/post"}],"author":[{"embeddable":true,"href":"https:\/\/www.seznam-novinek.cz\/index.php?rest_route=\/wp\/v2\/users\/102"}],"replies":[{"embeddable":true,"href":"https:\/\/www.seznam-novinek.cz\/index.php?rest_route=%2Fwp%2Fv2%2Fcomments&post=19444"}],"version-history":[{"count":0,"href":"https:\/\/www.seznam-novinek.cz\/index.php?rest_route=\/wp\/v2\/posts\/19444\/revisions"}],"wp:featuredmedia":[{"embeddable":true,"href":"https:\/\/www.seznam-novinek.cz\/index.php?rest_route=\/wp\/v2\/media\/19446"}],"wp:attachment":[{"href":"https:\/\/www.seznam-novinek.cz\/index.php?rest_route=%2Fwp%2Fv2%2Fmedia&parent=19444"}],"wp:term":[{"taxonomy":"category","embeddable":true,"href":"https:\/\/www.seznam-novinek.cz\/index.php?rest_route=%2Fwp%2Fv2%2Fcategories&post=19444"},{"taxonomy":"post_tag","embeddable":true,"href":"https:\/\/www.seznam-novinek.cz\/index.php?rest_route=%2Fwp%2Fv2%2Ftags&post=19444"}],"curies":[{"name":"wp","href":"https:\/\/api.w.org\/{rel}","templated":true}]}}