{"id":19403,"date":"2021-12-29T19:39:17","date_gmt":"2021-12-29T19:39:17","guid":{"rendered":"https:\/\/seznam-novinek.cz\/?p=19403"},"modified":"2021-12-29T19:39:17","modified_gmt":"2021-12-29T19:39:17","slug":"sinsay","status":"publish","type":"post","link":"https:\/\/www.seznam-novinek.cz\/?p=19403","title":{"rendered":"Sinsay"},"content":{"rendered":"\n<p class=\"wp-block-paragraph\">Hravost a n\u00e1paditost spole\u010dnosti <a href=\"https:\/\/autorskesperky.com\/blog\/post\/sinsay.html\"><u><strong>Sinsay<\/strong><\/u><\/a> se prom\u00edt\u00e1 nejen do samotn\u00fdch <a href=\"https:\/\/autorskesperky.com\/blog\/category\/modni-znacky.html\"><u><strong>m\u00f3dn\u00edch<\/strong><\/u><\/a> kolekc\u00ed, ale i do vizu\u00e1lu v\u0161ech prodejen. Ty si v kr\u00e1tk\u00e9 dob\u011b po sv\u00e9m otev\u0159en\u00ed u\u017e musely proj\u00edt modernizac\u00ed, aby si cel\u00e1 zna\u010dka uchovala mladistv\u00fd a sv\u011b\u017e\u00ed r\u00e1z.<\/p>\n\n\n\n<figure class=\"wp-block-image size-large\"><a href=\"https:\/\/seznam-novinek.cz\/wp-content\/uploads\/2021\/12\/face-1112688_1920.jpg\"><img loading=\"lazy\" decoding=\"async\" width=\"1024\" height=\"626\" src=\"https:\/\/seznam-novinek.cz\/wp-content\/uploads\/2021\/12\/face-1112688_1920-1024x626.jpg\" alt=\"\" class=\"wp-image-19404\" srcset=\"https:\/\/www.seznam-novinek.cz\/wp-content\/uploads\/2021\/12\/face-1112688_1920-1024x626.jpg 1024w, https:\/\/www.seznam-novinek.cz\/wp-content\/uploads\/2021\/12\/face-1112688_1920-300x183.jpg 300w, https:\/\/www.seznam-novinek.cz\/wp-content\/uploads\/2021\/12\/face-1112688_1920-768x469.jpg 768w, https:\/\/www.seznam-novinek.cz\/wp-content\/uploads\/2021\/12\/face-1112688_1920.jpg 1920w\" sizes=\"auto, (max-width: 1024px) 100vw, 1024px\" \/><\/a><\/figure>\n\n\n\n<p class=\"wp-block-paragraph\">Symbolicky tak byla pou\u017eita hlavn\u011b r\u016f\u017eov\u00e1, kter\u00e1 je jednak dostate\u010dn\u011b v\u00fdrazn\u00e1 a tak\u00e9 poukazuje na to, \u017ee hlavn\u00ed c\u00edlovou skupinou Sinsay jsou d\u00edvky a \u017eeny. Co se t\u00fd\u010de mu\u017esk\u00e9 m\u00f3dy, c\u00edl\u00ed Sinsay p\u0159ev\u00e1\u017en\u011b na ty z\u00e1kazn\u00edky, kte\u0159\u00ed preferuj\u00ed le\u017e\u00e9rn\u00ed m\u011bstsk\u00fd styl.44<\/p>\n\n\n\n<p class=\"wp-block-paragraph\">V sou\u010dasn\u00e9 dob\u011b pod zna\u010dkou Sinsay funguje j\u00ed\u017e 16 kamenn\u00fdch obchod\u016f. Sv\u00fdm z\u00e1kazn\u00edk\u016fm se p\u0159ibli\u017euje tak\u00e9 d\u00edky vlastn\u00edmu e-shopu. To v\u0161ak ji\u017e v budoucnu z\u0159ejm\u011b pravda nebude, nebo\u0165 spole\u010dnost pl\u00e1nuje dal\u0161\u00ed expanzi.<\/p>\n\n\n\n<p class=\"wp-block-paragraph\">A to jak v \u010cesku, tak i na Slovensku. D\u00edky tomu by se sortiment jednotliv\u00fdch produkt\u016f m\u011bl snadno p\u0159ibl\u00ed\u017eit \u0161ir\u0161\u00edmu spektru z\u00e1kazn\u00edk\u016f ne\u017e dosud. V pl\u00e1nu je krom\u011b \u010ceska a Slovenska expanze i v dal\u0161\u00edch zem\u00edch. K t\u00e9to m\u00f3d\u011b se hod\u00ed <a href=\"https:\/\/autorskesperky.com\/\"><u><strong>autorsk\u00e9 \u0161perky<\/strong><\/u><\/a>.<\/p>\n","protected":false},"excerpt":{"rendered":"<p>Hravost a n\u00e1paditost spole\u010dnosti Sinsay se prom\u00edt\u00e1 nejen do samotn\u00fdch m\u00f3dn\u00edch kolekc\u00ed, ale i do vizu\u00e1lu v\u0161ech prodejen. Ty si v kr\u00e1tk\u00e9 dob\u011b po sv\u00e9m otev\u0159en\u00ed u\u017e musely proj\u00edt modernizac\u00ed, aby si cel\u00e1 zna\u010dka uchovala mladistv\u00fd a sv\u011b\u017e\u00ed r\u00e1z. Symbolicky tak byla pou\u017eita hlavn\u011b r\u016f\u017eov\u00e1, kter\u00e1 je jednak dostate\u010dn\u011b v\u00fdrazn\u00e1 a tak\u00e9 poukazuje na to, [&hellip;]<\/p>\n","protected":false},"author":1,"featured_media":19405,"comment_status":"open","ping_status":"open","sticky":false,"template":"","format":"standard","meta":{"_sitemap_exclude":false,"_sitemap_priority":"","_sitemap_frequency":"","tdm_status":"","tdm_grid_status":"","footnotes":""},"categories":[128],"tags":[],"class_list":["post-19403","post","type-post","status-publish","format-standard","has-post-thumbnail","category-pro-zeny"],"_links":{"self":[{"href":"https:\/\/www.seznam-novinek.cz\/index.php?rest_route=\/wp\/v2\/posts\/19403","targetHints":{"allow":["GET"]}}],"collection":[{"href":"https:\/\/www.seznam-novinek.cz\/index.php?rest_route=\/wp\/v2\/posts"}],"about":[{"href":"https:\/\/www.seznam-novinek.cz\/index.php?rest_route=\/wp\/v2\/types\/post"}],"author":[{"embeddable":true,"href":"https:\/\/www.seznam-novinek.cz\/index.php?rest_route=\/wp\/v2\/users\/1"}],"replies":[{"embeddable":true,"href":"https:\/\/www.seznam-novinek.cz\/index.php?rest_route=%2Fwp%2Fv2%2Fcomments&post=19403"}],"version-history":[{"count":0,"href":"https:\/\/www.seznam-novinek.cz\/index.php?rest_route=\/wp\/v2\/posts\/19403\/revisions"}],"wp:featuredmedia":[{"embeddable":true,"href":"https:\/\/www.seznam-novinek.cz\/index.php?rest_route=\/wp\/v2\/media\/19405"}],"wp:attachment":[{"href":"https:\/\/www.seznam-novinek.cz\/index.php?rest_route=%2Fwp%2Fv2%2Fmedia&parent=19403"}],"wp:term":[{"taxonomy":"category","embeddable":true,"href":"https:\/\/www.seznam-novinek.cz\/index.php?rest_route=%2Fwp%2Fv2%2Fcategories&post=19403"},{"taxonomy":"post_tag","embeddable":true,"href":"https:\/\/www.seznam-novinek.cz\/index.php?rest_route=%2Fwp%2Fv2%2Ftags&post=19403"}],"curies":[{"name":"wp","href":"https:\/\/api.w.org\/{rel}","templated":true}]}}