{"id":19365,"date":"2021-06-11T19:40:46","date_gmt":"2021-06-11T19:40:46","guid":{"rendered":"https:\/\/seznam-novinek.cz\/?p=19365"},"modified":"2021-06-11T19:40:48","modified_gmt":"2021-06-11T19:40:48","slug":"pracovni-odevy-a-pracovni-obuv-vseho-druhu","status":"publish","type":"post","link":"https:\/\/www.seznam-novinek.cz\/?p=19365","title":{"rendered":"Pracovn\u00ed od\u011bvy a pracovn\u00ed obuv v\u0161eho druhu"},"content":{"rendered":"\n<p class=\"wp-block-paragraph\">Ur\u010dit\u00e1 povol\u00e1n\u00ed vy\u017eaduj\u00ed <strong>pracovn\u00ed od\u011bv<\/strong>, bez kter\u00e9ho by vykon\u00e1v\u00e1n\u00ed dan\u00e9 profese bylo nejen nebezpe\u010dn\u00e9, ale dokonce odporuj\u00edc\u00ed zdrav\u00e9mu rozumu. <a href=\"https:\/\/www.pracovniochrana.cz\/pracovni-odevy\"><strong>Pracovn\u00ed od\u011bvy<\/strong><\/a>, jak u\u017e ostatn\u011b \u0159\u00edk\u00e1 jejich n\u00e1zev, jsou pou\u017e\u00edv\u00e1ny p\u0159i pr\u00e1ci, a proto by m\u011bly m\u00edt hlavn\u011b vynikaj\u00edc\u00ed ochrann\u00e9 vlastnosti, tedy m\u011bly by b\u00fdt odoln\u00e9 v\u016f\u010di v\u0161em mo\u017en\u00fdm rizik\u016fm p\u0159i pr\u00e1ci. E-shop pracovniochrana.cz v\u00e1m nab\u00edz\u00ed <strong>pracovn\u00ed od\u011bvy<\/strong> pro nejrozli\u010dn\u011bj\u0161\u00ed povol\u00e1n\u00ed, a to od pracovn\u00edch ko\u0161il a tri\u010dek a\u017e po mont\u00e9rky, kombin\u00e9zy, bundy&#8230;<\/p>\n\n\n\n<h2 class=\"wp-block-heading\">Nohy jako v pe\u0159ince a z\u00e1rove\u0148 v bezpe\u010d\u00ed<\/h2>\n\n\n\n<p class=\"wp-block-paragraph\">Do ka\u017ed\u00e9 pr\u00e1ce bychom se m\u011bli nejen spr\u00e1vn\u011b obl\u00e9knout (<strong>pracovn\u00ed od\u011bv<\/strong>), ale tak\u00e9 spr\u00e1vn\u011b obout (<strong>pracovn\u00ed obuv<\/strong>). I kdy\u017e jsou<strong> pracovn\u00ed od\u011bvy<\/strong> velmi d\u016fle\u017eit\u00e9, vzhledem k tomu, \u017ee \u010dasto nejr\u016fzn\u011bj\u0161\u00ed profese vy\u017eaduj\u00ed celodenn\u00ed st\u00e1n\u00ed \u010di ch\u016fzi, dokonce i za velmi nep\u0159\u00edjemn\u00fdch klimatick\u00fd podm\u00ednek, d\u00e1 se jednozna\u010dn\u011b tvrdit, \u017ee je to p\u0159edev\u0161\u00edm <a href=\"https:\/\/www.pracovniochrana.cz\/pracovni-obuv\"><strong>pracovn\u00ed obuv<\/strong><\/a>, kter\u00e1 v\u00fdrazn\u011b ovliv\u0148uje komfort v pracovn\u00edm procesu. Nohy by v\u017edy a za ka\u017ed\u00fdch okolnost\u00ed m\u011bly b\u00fdt v bezpe\u010d\u00ed a pohodl\u00ed. To samoz\u0159ejm\u011b plat\u00ed nejen pro pracovn\u00ed proces, ale tak\u00e9 provozov\u00e1n\u00ed nejr\u016fzn\u011bj\u0161\u00edch kon\u00ed\u010dk\u016f a z\u00e1lib, v\u010detn\u011b turistiky. Kvalitn\u00ed <strong>pracovn\u00ed obuv<\/strong> a obuv na provozov\u00e1n\u00ed volno\u010dasov\u00fdch aktivit na v\u00e1s \u010dek\u00e1 v internetov\u00e9m obchod\u011b pracovniochrana.cz.<\/p>\n\n\n\n<h2 class=\"wp-block-heading\">Ochrann\u00e9 br\u00fdle, ochrann\u00e9 \u0161t\u00edty, pracovn\u00ed rukavice &#8230;<\/h2>\n\n\n\n<p class=\"wp-block-paragraph\">Zat\u00edmco k ochran\u011b zraku a obli\u010deje se pou\u017e\u00edvaj\u00ed ochrann\u00e9 br\u00fdle a ochrann\u00e9 \u0161t\u00edty, ruce je t\u0159eba p\u0159i pr\u00e1ci chr\u00e1nit <strong>pracovn\u00edmi rukavicemi<\/strong>. Podle statistik doch\u00e1z\u00ed k pracovn\u00edm \u00faraz\u016fm nej\u010dast\u011bji na rukou. Ochrann\u00e9 br\u00fdle jsou ur\u010deny k ochran\u011b zraku pouze tehdy, pokud nen\u00ed pot\u0159eba chr\u00e1nit cel\u00fd obli\u010dej. Ochrann\u00e9 \u0161t\u00edty chr\u00e1n\u00ed tak\u00e9 ostatn\u00ed \u010d\u00e1sti obli\u010deje. Pokud jde o ruce, existuje cel\u00e1 \u0159ada<a href=\"https:\/\/www.pracovniochrana.cz\/pracovni-rukavice\"><strong>pracovn\u00edch rukavic<\/strong><\/a> r\u016fzn\u00fdch typ\u016f a proveden\u00ed. D\u016fle\u017eit\u00fdm hlediskem pro spr\u00e1vn\u00fd v\u00fdb\u011br <strong>pracovn\u00edch rukavic<\/strong> je ur\u010den\u00ed rizika, proti kter\u00e9mu je t\u0159eba se chr\u00e1nit.<\/p>\n","protected":false},"excerpt":{"rendered":"<p>Ur\u010dit\u00e1 povol\u00e1n\u00ed vy\u017eaduj\u00ed pracovn\u00ed od\u011bv, bez kter\u00e9ho by vykon\u00e1v\u00e1n\u00ed dan\u00e9 profese bylo nejen nebezpe\u010dn\u00e9, ale dokonce odporuj\u00edc\u00ed zdrav\u00e9mu rozumu. Pracovn\u00ed od\u011bvy, jak u\u017e ostatn\u011b \u0159\u00edk\u00e1 jejich n\u00e1zev, jsou pou\u017e\u00edv\u00e1ny p\u0159i pr\u00e1ci, a proto by m\u011bly m\u00edt hlavn\u011b vynikaj\u00edc\u00ed ochrann\u00e9 vlastnosti, tedy m\u011bly by b\u00fdt odoln\u00e9 v\u016f\u010di v\u0161em mo\u017en\u00fdm rizik\u016fm p\u0159i pr\u00e1ci. E-shop pracovniochrana.cz v\u00e1m nab\u00edz\u00ed [&hellip;]<\/p>\n","protected":false},"author":1,"featured_media":19366,"comment_status":"open","ping_status":"open","sticky":false,"template":"","format":"standard","meta":{"_sitemap_exclude":false,"_sitemap_priority":"","_sitemap_frequency":"","tdm_status":"","tdm_grid_status":"","footnotes":""},"categories":[2],"tags":[],"class_list":["post-19365","post","type-post","status-publish","format-standard","has-post-thumbnail","category-novinky"],"_links":{"self":[{"href":"https:\/\/www.seznam-novinek.cz\/index.php?rest_route=\/wp\/v2\/posts\/19365","targetHints":{"allow":["GET"]}}],"collection":[{"href":"https:\/\/www.seznam-novinek.cz\/index.php?rest_route=\/wp\/v2\/posts"}],"about":[{"href":"https:\/\/www.seznam-novinek.cz\/index.php?rest_route=\/wp\/v2\/types\/post"}],"author":[{"embeddable":true,"href":"https:\/\/www.seznam-novinek.cz\/index.php?rest_route=\/wp\/v2\/users\/1"}],"replies":[{"embeddable":true,"href":"https:\/\/www.seznam-novinek.cz\/index.php?rest_route=%2Fwp%2Fv2%2Fcomments&post=19365"}],"version-history":[{"count":0,"href":"https:\/\/www.seznam-novinek.cz\/index.php?rest_route=\/wp\/v2\/posts\/19365\/revisions"}],"wp:featuredmedia":[{"embeddable":true,"href":"https:\/\/www.seznam-novinek.cz\/index.php?rest_route=\/wp\/v2\/media\/19366"}],"wp:attachment":[{"href":"https:\/\/www.seznam-novinek.cz\/index.php?rest_route=%2Fwp%2Fv2%2Fmedia&parent=19365"}],"wp:term":[{"taxonomy":"category","embeddable":true,"href":"https:\/\/www.seznam-novinek.cz\/index.php?rest_route=%2Fwp%2Fv2%2Fcategories&post=19365"},{"taxonomy":"post_tag","embeddable":true,"href":"https:\/\/www.seznam-novinek.cz\/index.php?rest_route=%2Fwp%2Fv2%2Ftags&post=19365"}],"curies":[{"name":"wp","href":"https:\/\/api.w.org\/{rel}","templated":true}]}}