{"id":19298,"date":"2020-07-29T11:30:09","date_gmt":"2020-07-29T11:30:09","guid":{"rendered":"http:\/\/www.seznam-novinek.cz.hyperion.blueboard.cz\/?p=19298"},"modified":"2020-07-29T11:30:11","modified_gmt":"2020-07-29T11:30:11","slug":"co-udelat-predtim-nez-zacnu-evidovat-sve-trzby","status":"publish","type":"post","link":"https:\/\/www.seznam-novinek.cz\/?p=19298","title":{"rendered":"Co ud\u011blat p\u0159edt\u00edm, ne\u017e za\u010dnu evidovat sv\u00e9 tr\u017eby"},"content":{"rendered":"\n<p class=\"wp-block-paragraph\">Takzvan\u00e1 <a href=\"https:\/\/leeto.cz\/\">elektronick\u00e1 evidence tr\u017eeb<\/a> \u010dili zkr\u00e1cen\u011b EET je n\u011bco, co u\u017e \u010ce\u0161i, respektive \u010desk\u00e9 firmy moc dob\u0159e znaj\u00ed. Nen\u00ed to u n\u00e1s novinka, novinka to je jen pro drobn\u00e9 \u017eivnostn\u00edky, kte\u0159\u00ed ji\u017e tak\u00e9 budou muset evidovat sv\u00e9 tr\u017eby. St\u00e1t se tak m\u011blo letos v kv\u011btnu, ale z d\u016fvodu pandemie se povinnost evidovat sv\u00e9 slu\u017eby posunula na za\u010d\u00e1tek p\u0159\u00ed\u0161t\u00edho roku. I kdy\u017e do nov\u00e9ho roku zb\u00fdv\u00e1 je\u0161t\u011b n\u011bkolik dlouh\u00fdch m\u011bs\u00edc\u016f, p\u0159esto se vyplat\u00ed u\u017e nyn\u00ed v\u011bd\u011bt, co ud\u011blat p\u0159edt\u00edm, ne\u017e \u010dlov\u011bk za\u010dne evidovat sv\u00e9 tr\u017eby.<\/p>\n\n\n\n<figure class=\"wp-block-image size-large\"><img loading=\"lazy\" decoding=\"async\" width=\"960\" height=\"640\" src=\"http:\/\/www.seznam-novinek.cz.hyperion.blueboard.cz\/wp-content\/uploads\/2020\/07\/eet-pokladna.jpg\" alt=\"\" class=\"wp-image-19299\" srcset=\"https:\/\/www.seznam-novinek.cz\/wp-content\/uploads\/2020\/07\/eet-pokladna.jpg 960w, https:\/\/www.seznam-novinek.cz\/wp-content\/uploads\/2020\/07\/eet-pokladna-300x200.jpg 300w, https:\/\/www.seznam-novinek.cz\/wp-content\/uploads\/2020\/07\/eet-pokladna-768x512.jpg 768w\" sizes=\"auto, (max-width: 960px) 100vw, 960px\" \/><\/figure>\n\n\n\n<h2 class=\"wp-block-heading\">Budu nebo nebudu evidovat sv\u00e9 tr\u017eby ve zjednodu\u0161en\u00e9m re\u017eimu?<\/h2>\n\n\n\n<p class=\"wp-block-paragraph\">Ne\u017e za\u010dne podnikatel (a\u0165 u\u017e firma nebo drobn\u00fd \u017eivnostn\u00edk) evidovat sv\u00e9 slu\u017eby, je dobr\u00e9 si zodpov\u011bd\u011bt hned n\u011bkolik ot\u00e1zek. Tou prvn\u00ed je, jestli bude nebo nebude evidovat sv\u00e9 tr\u017eby ve zjednodu\u0161en\u00e9m re\u017eimu. Jedn\u00e1 se o re\u017eim nach\u00e1zej\u00edc\u00ed se vedle b\u011b\u017en\u00e9ho re\u017eimu. Pokud mluv\u00edme o zjednodu\u0161en\u00e9m re\u017eimu, mluv\u00edme o off-line re\u017eimu, kdy lze zas\u00edlat \u00fadaje o evidovan\u00e9 tr\u017eb\u011b spr\u00e1vci dan\u011b do p\u011bti dn\u016f od jej\u00edho uskute\u010dn\u011bn\u00ed. Tento zp\u016fsob evidov\u00e1n\u00ed sv\u00fdch tr\u017eeb up\u0159ednost\u0148uj\u00ed p\u0159edev\u0161\u00edm jedinci, kte\u0159\u00ed nemaj\u00ed st\u00e1lou provozovnu a nikdy nev\u00ed, jestli budou \u010di nebudou m\u00edt k dispozici dostate\u010dn\u011b siln\u00e9 internetov\u00e9 p\u0159ipojen\u00ed.&nbsp;<\/p>\n\n\n\n<h2 class=\"wp-block-heading\">M\u00e1m nezbytn\u00e9 vybaven\u00ed pro evidenci?<\/h2>\n\n\n\n<p class=\"wp-block-paragraph\">Ne\u017e za\u010dnete evidovat sv\u00e9 tr\u017eby, je t\u0159eba m\u00edt k dispozici vybaven\u00ed pro evidenci sv\u00fdch tr\u017eeb. Pakli\u017ee nem\u00e1te pokladnu \u010di star\u0161\u00ed po\u010d\u00edta\u010d, je t\u0159eba si za\u0159\u00edzen\u00ed neprodlen\u011b po\u0159\u00eddit. Za\u0159\u00edzen\u00ed by m\u011blo b\u00fdt technicky vybaveno tak, aby umo\u017e\u0148ovalo zas\u00edlat pot\u0159ebn\u00e9 informace prost\u0159ednictv\u00edm internetu. To je jedin\u00e1 podm\u00ednka, jinak m\u016f\u017ee b\u00fdt v takov\u00e9 podob\u011b, v jak\u00e9 bude samotn\u00e9mu podnikateli vyhovovat.&nbsp;&nbsp;<\/p>\n\n\n\n<h2 class=\"wp-block-heading\">M\u00e1m p\u0159\u00edstup do aplikace EET a certifik\u00e1t k tomu?<\/h2>\n\n\n\n<p class=\"wp-block-paragraph\">Sv\u00e9 tr\u017eby nem\u016f\u017eete evidovat, pakli\u017ee nem\u00e1te p\u0159\u00edstup do webov\u00e9 aplikace Elektronick\u00e1 evidence tr\u017eeb. Stejn\u011b tak nelze evidovat sv\u00e9 slu\u017eby, pakli\u017ee nem\u00e1te vygenerovan\u00fd certifik\u00e1t.<\/p>\n","protected":false},"excerpt":{"rendered":"<p>Takzvan\u00e1 elektronick\u00e1 evidence tr\u017eeb \u010dili zkr\u00e1cen\u011b EET je n\u011bco, co u\u017e \u010ce\u0161i, respektive \u010desk\u00e9 firmy moc dob\u0159e znaj\u00ed. Nen\u00ed to u n\u00e1s novinka, novinka to je jen pro drobn\u00e9 \u017eivnostn\u00edky, kte\u0159\u00ed ji\u017e tak\u00e9 budou muset evidovat sv\u00e9 tr\u017eby. St\u00e1t se tak m\u011blo letos v kv\u011btnu, ale z d\u016fvodu pandemie se povinnost evidovat sv\u00e9 slu\u017eby posunula [&hellip;]<\/p>\n","protected":false},"author":1,"featured_media":19300,"comment_status":"open","ping_status":"open","sticky":false,"template":"","format":"standard","meta":{"_sitemap_exclude":false,"_sitemap_priority":"","_sitemap_frequency":"","tdm_status":"","tdm_grid_status":"","footnotes":""},"categories":[126],"tags":[],"class_list":["post-19298","post","type-post","status-publish","format-standard","has-post-thumbnail","category-ekonomika"],"_links":{"self":[{"href":"https:\/\/www.seznam-novinek.cz\/index.php?rest_route=\/wp\/v2\/posts\/19298","targetHints":{"allow":["GET"]}}],"collection":[{"href":"https:\/\/www.seznam-novinek.cz\/index.php?rest_route=\/wp\/v2\/posts"}],"about":[{"href":"https:\/\/www.seznam-novinek.cz\/index.php?rest_route=\/wp\/v2\/types\/post"}],"author":[{"embeddable":true,"href":"https:\/\/www.seznam-novinek.cz\/index.php?rest_route=\/wp\/v2\/users\/1"}],"replies":[{"embeddable":true,"href":"https:\/\/www.seznam-novinek.cz\/index.php?rest_route=%2Fwp%2Fv2%2Fcomments&post=19298"}],"version-history":[{"count":0,"href":"https:\/\/www.seznam-novinek.cz\/index.php?rest_route=\/wp\/v2\/posts\/19298\/revisions"}],"wp:featuredmedia":[{"embeddable":true,"href":"https:\/\/www.seznam-novinek.cz\/index.php?rest_route=\/wp\/v2\/media\/19300"}],"wp:attachment":[{"href":"https:\/\/www.seznam-novinek.cz\/index.php?rest_route=%2Fwp%2Fv2%2Fmedia&parent=19298"}],"wp:term":[{"taxonomy":"category","embeddable":true,"href":"https:\/\/www.seznam-novinek.cz\/index.php?rest_route=%2Fwp%2Fv2%2Fcategories&post=19298"},{"taxonomy":"post_tag","embeddable":true,"href":"https:\/\/www.seznam-novinek.cz\/index.php?rest_route=%2Fwp%2Fv2%2Ftags&post=19298"}],"curies":[{"name":"wp","href":"https:\/\/api.w.org\/{rel}","templated":true}]}}