{"id":19220,"date":"2019-09-06T14:21:29","date_gmt":"2019-09-06T14:21:29","guid":{"rendered":"http:\/\/www.seznam-novinek.cz.hyperion.blueboard.cz\/?p=19220"},"modified":"2019-09-06T14:21:36","modified_gmt":"2019-09-06T14:21:36","slug":"foukana-izolace-vse-co-byste-o-ni-meli-vedet","status":"publish","type":"post","link":"https:\/\/www.seznam-novinek.cz\/?p=19220","title":{"rendered":"Foukan\u00e1 izolace \u2013 v\u0161e, co byste o n\u00ed m\u011bli v\u011bd\u011bt!"},"content":{"rendered":"\n<p class=\"wp-block-paragraph\">Mnoho majitel\u016f nemovitost\u00ed si neuv\u011bdomuje, jak d\u016fle\u017eit\u00e1 izolace pro jejich domovy je. Nejenom \u017ee zabra\u0148uje hluku z okol\u00ed a naopak, ale tak\u00e9 sni\u017euje \u00fanik tepla tak, aby byl d\u016fm v zim\u011b vyh\u0159\u00e1t\u00fd a v l\u00e9t\u011b p\u0159\u00edjemn\u011b ochladil. Jak\u00e9 p\u0159ednosti foukan\u00e1 izolace<strong> <\/strong>m\u00e1 a kolik korun d\u00edky n\u00ed m\u016f\u017eete u\u0161et\u0159it?<\/p>\n\n\n\n<h2 class=\"wp-block-heading\"><strong>Skv\u011bl\u00e1<\/strong><strong> <\/strong><strong>energetick\u00e1 \u00fa\u010dinnost<\/strong><\/h2>\n\n\n\n<p class=\"wp-block-paragraph\">Materi\u00e1l foukan\u00e9 izolace se v l\u00e9t\u011b uzamkne do chladn\u011bj\u0161\u00edch nebo v zim\u011b do teplej\u0161\u00edch vnit\u0159n\u00edch m\u00edst v podkrov\u00ed a t\u00edm doch\u00e1z\u00ed k zabr\u00e1n\u011bn\u00ed \u00faniku vzduchu. Foukan\u00e1 izolace je \u00fa\u017easn\u00e1 v tom, \u017ee jej\u00ed instalace provede dokonal\u00e9 ut\u011bsn\u011bn\u00ed i t\u011bch nejmen\u0161\u00edch trhlin a t\u00edm dojde i k \u00faspo\u0159e n\u00e1klad\u016f na energie a\u017e o 50 procent.<\/p>\n\n\n\n<h2 class=\"wp-block-heading\"><strong>Zabra\u0148uje<\/strong><strong> <\/strong><strong>\u0161\u00ed\u0159en\u00ed po\u017e\u00e1ru<\/strong><\/h2>\n\n\n\n<p class=\"wp-block-paragraph\">Celul\u00f3za a sklolamin\u00e1t, ze kter\u00fdch je foukan\u00e1 izolace vytvo\u0159ena rapidn\u011b sni\u017euj\u00ed riziko po\u017e\u00e1ru \u2013 doch\u00e1z\u00ed k vytvo\u0159en\u00ed vzduchot\u011bsn\u00e9ho t\u011bsn\u011bn\u00ed, kter\u00e9 zabra\u0148uje proud\u011bn\u00ed vzduchu skrze mal\u00e9 trhliny a \u0161kv\u00edry, kter\u00e9 podporuj\u00ed \u0161\u00ed\u0159en\u00ed ohn\u011b.<\/p>\n\n\n\n<h2 class=\"wp-block-heading\"><strong>Velmi<\/strong><strong> <\/strong><strong>rychl\u00e1 instalace<\/strong><\/h2>\n\n\n\n<p class=\"wp-block-paragraph\">I dva odborn\u00edci si s instalac\u00ed t\u00e9to instalace porad\u00ed b\u011bhem n\u011bkolika m\u00e1lo hodin. Ta je toti\u017e dod\u00e1v\u00e1na z transportn\u00edch hadic do po\u017eadovan\u00fdch prostor. Vy se tak nemus\u00edte ob\u00e1vat velk\u00e9ho \u00fa\u010dtu za mont\u00e1\u017en\u00ed pr\u00e1ce \u2013 ty jsou provedeny opravdu velmi rychle.<\/p>\n\n\n\n<h2 class=\"wp-block-heading\"><strong>Zvukov\u00e1<\/strong><strong> <\/strong><strong>izolace<\/strong><\/h2>\n\n\n\n<p class=\"wp-block-paragraph\">S <a href=\"https:\/\/www.foukane-izolace-tz.cz\/\">foukanou izolac\u00ed<\/a><strong> <\/strong>budou spokojeni i ti, kter\u00fdm vad\u00ed venkovn\u00ed hluk. Foukan\u00fd materi\u00e1l vytvo\u0159\u00ed v podkrov\u00ed a st\u0159e\u0161e t\u011bsn\u011bn\u00ed, kter\u00e9 tlum\u00ed zvuk zvenku i zevnit\u0159.<strong> <\/strong>Ob\u00e1v\u00e1te se dr\u017een\u00ed vlhkosti a vytv\u00e1\u0159en\u00ed pl\u00edsn\u00ed a s nimi spojen\u00fd nep\u0159\u00edjemn\u00fd puch? Foukan\u00e1 izolace sv\u00fdm ut\u011bsn\u011bn\u00edm zabra\u0148uje i kondenzaci a vlhkosti vzduchu. Vy se tak nemus\u00edte o sv\u00e9 podkrov\u00ed a st\u0159echu ob\u00e1vat.<\/p>\n\n\n\n<figure class=\"wp-block-image\"><img loading=\"lazy\" decoding=\"async\" width=\"1024\" height=\"681\" src=\"http:\/\/www.seznam-novinek.cz.hyperion.blueboard.cz\/wp-content\/uploads\/2019\/09\/stavebni-plany-1024x681.jpg\" alt=\"\" class=\"wp-image-19222\" srcset=\"https:\/\/www.seznam-novinek.cz\/wp-content\/uploads\/2019\/09\/stavebni-plany-1024x681.jpg 1024w, https:\/\/www.seznam-novinek.cz\/wp-content\/uploads\/2019\/09\/stavebni-plany-300x199.jpg 300w, https:\/\/www.seznam-novinek.cz\/wp-content\/uploads\/2019\/09\/stavebni-plany-768x511.jpg 768w, https:\/\/www.seznam-novinek.cz\/wp-content\/uploads\/2019\/09\/stavebni-plany.jpg 1280w\" sizes=\"auto, (max-width: 1024px) 100vw, 1024px\" \/><\/figure>\n\n\n\n<p class=\"wp-block-paragraph\">Mezi dal\u0161\u00ed skv\u011bl\u00e9 v\u00fdhody tohoto druhu izolace pat\u0159\u00ed i to, \u017ee nemus\u00edte vykl\u00edzet prostory, jsou izolov\u00e1na i t\u011b\u017eko p\u0159\u00edstupn\u00e1 m\u00edsta, jedn\u00e1 se o \u201ebezodpadovou\u201c technologii a v neposledn\u00ed \u0159ad\u011b se foukan\u00e1 izolace \u0159ad\u00ed do velmi p\u0159ijateln\u00fdch cen.&nbsp;<\/p>\n\n\n\n<p class=\"wp-block-paragraph\">Tak co, je\u0161t\u011b se rozm\u00fd\u0161l\u00edte, \u017ee si d\u016fm nech\u00e1te izolovat?<br><\/p>\n","protected":false},"excerpt":{"rendered":"<p>Mnoho majitel\u016f nemovitost\u00ed si neuv\u011bdomuje, jak d\u016fle\u017eit\u00e1 izolace pro jejich domovy je. Nejenom \u017ee zabra\u0148uje hluku z okol\u00ed a naopak, ale tak\u00e9 sni\u017euje \u00fanik tepla tak, aby byl d\u016fm v zim\u011b vyh\u0159\u00e1t\u00fd a v l\u00e9t\u011b p\u0159\u00edjemn\u011b ochladil. Jak\u00e9 p\u0159ednosti foukan\u00e1 izolace m\u00e1 a kolik korun d\u00edky n\u00ed m\u016f\u017eete u\u0161et\u0159it? Skv\u011bl\u00e1 energetick\u00e1 \u00fa\u010dinnost Materi\u00e1l foukan\u00e9 izolace [&hellip;]<\/p>\n","protected":false},"author":1,"featured_media":19222,"comment_status":"open","ping_status":"open","sticky":false,"template":"","format":"standard","meta":{"_sitemap_exclude":false,"_sitemap_priority":"","_sitemap_frequency":"","tdm_status":"","tdm_grid_status":"","footnotes":""},"categories":[124],"tags":[],"class_list":["post-19220","post","type-post","status-publish","format-standard","has-post-thumbnail","category-bydleni"],"_links":{"self":[{"href":"https:\/\/www.seznam-novinek.cz\/index.php?rest_route=\/wp\/v2\/posts\/19220","targetHints":{"allow":["GET"]}}],"collection":[{"href":"https:\/\/www.seznam-novinek.cz\/index.php?rest_route=\/wp\/v2\/posts"}],"about":[{"href":"https:\/\/www.seznam-novinek.cz\/index.php?rest_route=\/wp\/v2\/types\/post"}],"author":[{"embeddable":true,"href":"https:\/\/www.seznam-novinek.cz\/index.php?rest_route=\/wp\/v2\/users\/1"}],"replies":[{"embeddable":true,"href":"https:\/\/www.seznam-novinek.cz\/index.php?rest_route=%2Fwp%2Fv2%2Fcomments&post=19220"}],"version-history":[{"count":0,"href":"https:\/\/www.seznam-novinek.cz\/index.php?rest_route=\/wp\/v2\/posts\/19220\/revisions"}],"wp:featuredmedia":[{"embeddable":true,"href":"https:\/\/www.seznam-novinek.cz\/index.php?rest_route=\/wp\/v2\/media\/19222"}],"wp:attachment":[{"href":"https:\/\/www.seznam-novinek.cz\/index.php?rest_route=%2Fwp%2Fv2%2Fmedia&parent=19220"}],"wp:term":[{"taxonomy":"category","embeddable":true,"href":"https:\/\/www.seznam-novinek.cz\/index.php?rest_route=%2Fwp%2Fv2%2Fcategories&post=19220"},{"taxonomy":"post_tag","embeddable":true,"href":"https:\/\/www.seznam-novinek.cz\/index.php?rest_route=%2Fwp%2Fv2%2Ftags&post=19220"}],"curies":[{"name":"wp","href":"https:\/\/api.w.org\/{rel}","templated":true}]}}