{"id":19117,"date":"2019-02-25T06:01:04","date_gmt":"2019-02-25T06:01:04","guid":{"rendered":"http:\/\/www.seznam-novinek.cz.hyperion.blueboard.cz\/?p=19117"},"modified":"2019-02-25T06:01:10","modified_gmt":"2019-02-25T06:01:10","slug":"stejne-kvalitni-vino-muze-pokazde-chutnat-jinak","status":"publish","type":"post","link":"https:\/\/www.seznam-novinek.cz\/?p=19117","title":{"rendered":"Stejn\u00e9 kvalitn\u00ed v\u00edno m\u016f\u017ee poka\u017ed\u00e9 chutnat jinak"},"content":{"rendered":"\n<p class=\"wp-block-paragraph\"><strong>Kvalitn\u00ed\nb\u00edl\u00e9 v\u00edno<\/strong> Sauvignon Blanc z francouzsk\u00e9 Loiry\nbude chutnat ur\u010dit\u011b jinak ne\u017e Sauvignon Blancs z Nov\u00e9ho Z\u00e9landu. Tak to prost\u011b\nje. Ob\u011b oblasti nab\u00edzej\u00ed vynikaj\u00edc\u00ed <strong>kvalitn\u00ed\nb\u00edl\u00e9 v\u00edno<\/strong> toto\u017en\u00e9 odr\u016fdy, je ale na v\u00e1s, kter\u00e9mu d\u00e1te p\u0159ednost. Mo\u017en\u00e1 s\nv\u00fdb\u011brem <strong><a href=\"https:\/\/alifea.cz\/cenik.html\">kvalitn\u00edch\nv\u00edn<\/a><\/strong> <strong>(kvalitn\u00edch \u010derven\u00fdch v\u00edn<\/strong> a<strong>\nkvalitn\u00edch b\u00edl\u00fdch v\u00edn<\/strong>) teprve za\u010d\u00edn\u00e1te. V tom p\u0159\u00edpad\u011b pro v\u00e1s bude nejlep\u0161\u00ed\nvyu\u017e\u00edt mo\u017enosti <strong>degustace v\u00edn v Praze<\/strong>.\nPr\u00e1v\u011b<strong> degustace v\u00edn Praha<\/strong> v\u00e1m\nnab\u00eddne mo\u017enost naj\u00edt si takov\u00e9 odr\u016fdy <strong>kvalitn\u00edch\nv\u00edn<\/strong> a vina\u0159sk\u00e9 oblasti, kter\u00e9 v\u00e1s do budoucna nejv\u00edce oslov\u00ed.<\/p>\n\n\n\n<h2 class=\"wp-block-heading\">Pop\u00edjejte\nv\u017edy pouze kvalitn\u00ed v\u00edno<\/h2>\n\n\n\n<p class=\"wp-block-paragraph\">A\u0165 u\u017e up\u0159ednost\u0148ujete <strong>kvalitn\u00ed\n\u010derven\u00e9 v\u00edno <\/strong>nebo <strong>kvalitn\u00ed b\u00edl\u00e9 v\u00edno<\/strong>,\nje t\u0159eba v\u011bd\u011bt, pro jakou p\u0159\u00edle\u017eitost toto <strong>kvalitn\u00ed\nv\u00edno<\/strong> chcete pou\u017e\u00edt. (Z\u00e1m\u011brn\u011b je v \u010dl\u00e1nku pou\u017e\u00edv\u00e1no souslov\u00ed <strong>kvalitn\u00ed v\u00edno<\/strong>, proto\u017ee pokud si chcete\nzajistit chu\u0165ov\u00fd z\u00e1\u017eitek b\u011bhem konzumace v\u00edna a tak\u00e9 pohodov\u00e9 r\u00e1no bez\n\u017ealude\u010dn\u00edch obt\u00ed\u017e\u00ed a bolesti hlavy, je v\u00edno s d\u016frazem na kvalitu, tedy <strong>kvalitn\u00ed v\u00edno<\/strong> naprostou nezbytnost\u00ed.)<\/p>\n\n\n\n<p class=\"wp-block-paragraph\">Pokud jde o<strong> kvalitn\u00ed\nb\u00edl\u00e9 v\u00edno<\/strong>, up\u0159ednost\u0148uje se z\u00e1sada, \u017ee: <\/p>\n\n\n\n<ul class=\"wp-block-list\"><li>leh\u010d\u00ed such\u00e1 <strong>kvalitn\u00ed b\u00edl\u00e1 v\u00edna<\/strong> by se m\u011bla pop\u00edjet v teplej\u0161\u00edch letn\u00edch dnech a\nve\u010derech jako p\u0159\u00edjemn\u00e9 osv\u011b\u017een\u00ed; <\/li><li>pln\u011bj\u0161\u00ed <strong><a href=\"https:\/\/alifea.cz\/cenik\/bila.html\">kvalitn\u00ed b\u00edl\u00e1 v\u00edna<\/a><\/strong>\nse zase hod\u00ed sp\u00ed\u0161e do st\u00e1vaj\u00edc\u00edch chladn\u00fdch dn\u016f; <\/li><li>k such\u00fdm<strong> kvalitn\u00edm b\u00edl\u00fdm v\u00edn\u016fm<\/strong> a tepl\u00fdm dn\u016fm se pak hod\u00ed zejm\u00e9na zeleninov\u00e9\npokrmy, pokrmy z ryb a b\u00edl\u00e9ho masa; <\/li><li>pln\u011bj\u0161\u00ed <strong>kvalitn\u00ed b\u00edl\u00e1 v\u00edna<\/strong> si \u017e\u00e1daj\u00ed hutn\u011bj\u0161\u00ed j\u00eddla dopln\u011bn\u00e1 o smetanov\u00e9\nom\u00e1\u010dky, lan\u00fd\u017ee a jin\u00e9 v\u00fdrazn\u00e9 suroviny. <\/li><\/ul>\n\n\n\n<figure class=\"wp-block-image\"><img loading=\"lazy\" decoding=\"async\" width=\"683\" height=\"1024\" src=\"http:\/\/www.seznam-novinek.cz.hyperion.blueboard.cz\/wp-content\/uploads\/2019\/02\/Degusta\u010dn\u00ed-sada-v\u00edn-z-Francie-z-oblasti-Loira-683x1024.jpg\" alt=\"\" class=\"wp-image-19118\" srcset=\"https:\/\/www.seznam-novinek.cz\/wp-content\/uploads\/2019\/02\/Degusta\u010dn\u00ed-sada-v\u00edn-z-Francie-z-oblasti-Loira-683x1024.jpg 683w, https:\/\/www.seznam-novinek.cz\/wp-content\/uploads\/2019\/02\/Degusta\u010dn\u00ed-sada-v\u00edn-z-Francie-z-oblasti-Loira-200x300.jpg 200w, https:\/\/www.seznam-novinek.cz\/wp-content\/uploads\/2019\/02\/Degusta\u010dn\u00ed-sada-v\u00edn-z-Francie-z-oblasti-Loira-768x1152.jpg 768w, https:\/\/www.seznam-novinek.cz\/wp-content\/uploads\/2019\/02\/Degusta\u010dn\u00ed-sada-v\u00edn-z-Francie-z-oblasti-Loira.jpg 1000w\" sizes=\"auto, (max-width: 683px) 100vw, 683px\" \/><\/figure>\n\n\n\n<h2 class=\"wp-block-heading\">Kvalitn\u00ed\nv\u00edno a degusta\u010dn\u00ed z\u00e1\u017eitek<\/h2>\n\n\n\n<p class=\"wp-block-paragraph\">Je samoz\u0159ejm\u00e9, \u017ee <strong>kvalitn\u00ed\nb\u00edl\u00e9 v\u00edno <\/strong>a <strong>kvalitn\u00ed \u010derven\u00e9 v\u00edno<\/strong>\nje mo\u017en\u00e9 vychutn\u00e1vat si i samostatn\u011b, tedy bez j\u00eddla. Zvl\u00e1\u0161t\u011b tehdy, kdy\u017e\nchcete konzumaci kvalitn\u00edho v\u00edna pojmout jako degusta\u010dn\u00ed z\u00e1\u017eitek. Degustovat\nv\u00edno m\u016f\u017eete v pohodl\u00ed domova prost\u0159ednictv\u00edm<strong> degusta\u010dn\u00edch sad v\u00edn<\/strong> z internetov\u00e9ho obchodu alifea.cz. M\u016f\u017eete\ntak\u00e9 nav\u0161t\u00edvit<strong><a href=\"https:\/\/alifea.cz\/aktuality\/cat\/degustace\/\">degustaci v\u00edna v Praze<\/a><\/strong>,\nkde v\u00e1m s v\u00fdb\u011brem <strong>kvalitn\u00edho v\u00edna <\/strong>pomohou\nzku\u0161en\u00ed degust\u00e1to\u0159i &#8211; sommeli\u00e9\u0159i.<\/p>\n","protected":false},"excerpt":{"rendered":"<p>Kvalitn\u00ed b\u00edl\u00e9 v\u00edno Sauvignon Blanc z francouzsk\u00e9 Loiry bude chutnat ur\u010dit\u011b jinak ne\u017e Sauvignon Blancs z Nov\u00e9ho Z\u00e9landu. Tak to prost\u011b je. Ob\u011b oblasti nab\u00edzej\u00ed vynikaj\u00edc\u00ed kvalitn\u00ed b\u00edl\u00e9 v\u00edno toto\u017en\u00e9 odr\u016fdy, je ale na v\u00e1s, kter\u00e9mu d\u00e1te p\u0159ednost. Mo\u017en\u00e1 s v\u00fdb\u011brem kvalitn\u00edch v\u00edn (kvalitn\u00edch \u010derven\u00fdch v\u00edn a kvalitn\u00edch b\u00edl\u00fdch v\u00edn) teprve za\u010d\u00edn\u00e1te. V tom p\u0159\u00edpad\u011b [&hellip;]<\/p>\n","protected":false},"author":1,"featured_media":19119,"comment_status":"open","ping_status":"open","sticky":false,"template":"","format":"standard","meta":{"_sitemap_exclude":false,"_sitemap_priority":"","_sitemap_frequency":"","tdm_status":"","tdm_grid_status":"","footnotes":""},"categories":[124],"tags":[],"class_list":["post-19117","post","type-post","status-publish","format-standard","has-post-thumbnail","category-bydleni"],"_links":{"self":[{"href":"https:\/\/www.seznam-novinek.cz\/index.php?rest_route=\/wp\/v2\/posts\/19117","targetHints":{"allow":["GET"]}}],"collection":[{"href":"https:\/\/www.seznam-novinek.cz\/index.php?rest_route=\/wp\/v2\/posts"}],"about":[{"href":"https:\/\/www.seznam-novinek.cz\/index.php?rest_route=\/wp\/v2\/types\/post"}],"author":[{"embeddable":true,"href":"https:\/\/www.seznam-novinek.cz\/index.php?rest_route=\/wp\/v2\/users\/1"}],"replies":[{"embeddable":true,"href":"https:\/\/www.seznam-novinek.cz\/index.php?rest_route=%2Fwp%2Fv2%2Fcomments&post=19117"}],"version-history":[{"count":0,"href":"https:\/\/www.seznam-novinek.cz\/index.php?rest_route=\/wp\/v2\/posts\/19117\/revisions"}],"wp:featuredmedia":[{"embeddable":true,"href":"https:\/\/www.seznam-novinek.cz\/index.php?rest_route=\/wp\/v2\/media\/19119"}],"wp:attachment":[{"href":"https:\/\/www.seznam-novinek.cz\/index.php?rest_route=%2Fwp%2Fv2%2Fmedia&parent=19117"}],"wp:term":[{"taxonomy":"category","embeddable":true,"href":"https:\/\/www.seznam-novinek.cz\/index.php?rest_route=%2Fwp%2Fv2%2Fcategories&post=19117"},{"taxonomy":"post_tag","embeddable":true,"href":"https:\/\/www.seznam-novinek.cz\/index.php?rest_route=%2Fwp%2Fv2%2Ftags&post=19117"}],"curies":[{"name":"wp","href":"https:\/\/api.w.org\/{rel}","templated":true}]}}