{"id":19113,"date":"2019-02-24T19:52:11","date_gmt":"2019-02-24T19:52:11","guid":{"rendered":"http:\/\/www.seznam-novinek.cz.hyperion.blueboard.cz\/?p=19113"},"modified":"2019-02-24T19:52:17","modified_gmt":"2019-02-24T19:52:17","slug":"budte-v-nove-praci-jeste-stastnejsi","status":"publish","type":"post","link":"https:\/\/www.seznam-novinek.cz\/?p=19113","title":{"rendered":"Bu\u010fte v nov\u00e9 pr\u00e1ci je\u0161t\u011b \u0161\u0165astn\u011bj\u0161\u00ed"},"content":{"rendered":"\n<p class=\"wp-block-paragraph\">Jste sice v <strong>pr\u00e1ci <\/strong>spokojeni,\nale p\u0159esto jaksi tak n\u011bjak po o\u010dku kouk\u00e1te k soused\u016fm, jestli u nich nen\u00ed tr\u00e1va\np\u0159ece jen trochu zelen\u011bj\u0161\u00ed? Ty tam jsou doby, kdy nedostatek pracovn\u00edch m\u00edst na\ntrhu nutil \u010dlov\u011bka, aby si p\u0159\u00edli\u0161 nevyskakoval. Dnes je situace naprosto jin\u00e1.\nT\u00e9m\u011b\u0159 ka\u017ed\u00e1 firma hled\u00e1 nov\u00e9 zam\u011bstnance. A tak i vy, kte\u0159\u00ed jste ve sv\u00e9 <strong><a href=\"https:\/\/www.airjobs.cz\/\">pr\u00e1ci <\/a><\/strong>spokojeni,\nm\u016f\u017eete bez obav prohl\u00ed\u017eet <strong>nab\u00eddky pr\u00e1ce<\/strong>,\no nich\u017e jste p\u0159esv\u011bd\u010deni, \u017ee by v\u00e1s mohly ud\u011blat je\u0161t\u011b \u0161\u0165astn\u011bj\u0161\u00edmi. <\/p>\n\n\n\n<h2 class=\"wp-block-heading\">Doba se zm\u011bnila, v\u011bci se prost\u011b d\u011bj\u00ed<\/h2>\n\n\n\n<p class=\"wp-block-paragraph\">Kone\u010dn\u011b si m\u016f\u017eete vyb\u00edrat<strong> pr\u00e1ci Brno, pr\u00e1ci Ostrava, brig\u00e1dy Praha, brig\u00e1dy Brno, brig\u00e1dy\nOstrava<\/strong> podle sv\u00fdch p\u0159edstav. Sv\u00fdm zp\u016fsobem si m\u016f\u017eete tak\u00e9 (opatrn\u011b)\ndiktovat pracovn\u00ed podm\u00ednky v\u010detn\u011b platu. A jestli pat\u0159\u00edte k \u00fazkoprofilov\u00fdm\nodborn\u00edk\u016fm, <strong>nab\u00eddky pr\u00e1ce<\/strong> na\nport\u00e1lech<strong> prace.cz, <a href=\"https:\/\/www.airjobs.cz\/\">jobs.cz<\/a> <\/strong>a<strong> airjobs.cz<\/strong> si m\u016f\u017eete opravdu vychutn\u00e1vat. Mo\u017en\u00e1 v\u00e1s va\u0161e dosavadn\u00ed\n<strong>pr\u00e1ce <\/strong>bav\u00ed. Mo\u017en\u00e1 m\u00e1te prima kolegy,\nfajn \u0161\u00e9fa a v\u00fdplatu v\u017edy v\u010das. Mo\u017en\u00e1 ale m\u00e1te pocit, \u017ee po\u0159\u00e1d jedete jen tak\njaksi na p\u016fl plynu a c\u00edt\u00edte, \u017ee sv\u00fdm talentem, umem a odbornost\u00ed tak trochu\npl\u00fdtv\u00e1te. <\/p>\n\n\n\n<h2 class=\"wp-block-heading\">Zm\u011b\u0148te to! <\/h2>\n\n\n\n<p class=\"wp-block-paragraph\">Mo\u017en\u00e1 pr\u00e1v\u011b te\u010f nastal prav\u00fd \u010das opustit<strong> pr\u00e1ci za rohem<\/strong> a prohl\u00e9dnout si <strong>nab\u00eddku pr\u00e1ce Hav\u00ed\u0159ov, nab\u00eddku pr\u00e1ce Vala\u0161sk\u00e9 Mezi\u0159\u00ed\u010d\u00ed, nab\u00eddku pr\u00e1ce\nLitom\u011b\u0159ice, nab\u00eddku pr\u00e1ce P\u00edsek, nab\u00eddku pr\u00e1ce Most, nab\u00eddku pr\u00e1ce Karvin\u00e1,\nnab\u00eddku pr\u00e1ce \u017d\u010f\u00e1r nad S\u00e1zavou, nab\u00eddku pr\u00e1ce Beroun, <a href=\"https:\/\/www.airjobs.cz\/web\/candidate\/dnesni-nabidky\">nab\u00eddku pr\u00e1ce Cheb<\/a><\/strong>.<\/p>\n\n\n\n<figure class=\"wp-block-image\"><img loading=\"lazy\" decoding=\"async\" width=\"1000\" height=\"667\" src=\"http:\/\/www.seznam-novinek.cz.hyperion.blueboard.cz\/wp-content\/uploads\/2019\/02\/Konec-s-doj\u00ed\u017ed\u011bn\u00edm-do-pr\u00e1ce.jpg\" alt=\"\" class=\"wp-image-19114\" srcset=\"https:\/\/www.seznam-novinek.cz\/wp-content\/uploads\/2019\/02\/Konec-s-doj\u00ed\u017ed\u011bn\u00edm-do-pr\u00e1ce.jpg 1000w, https:\/\/www.seznam-novinek.cz\/wp-content\/uploads\/2019\/02\/Konec-s-doj\u00ed\u017ed\u011bn\u00edm-do-pr\u00e1ce-300x200.jpg 300w, https:\/\/www.seznam-novinek.cz\/wp-content\/uploads\/2019\/02\/Konec-s-doj\u00ed\u017ed\u011bn\u00edm-do-pr\u00e1ce-768x512.jpg 768w\" sizes=\"auto, (max-width: 1000px) 100vw, 1000px\" \/><\/figure>\n\n\n\n<p class=\"wp-block-paragraph\">Ka\u017ed\u00fd \u010dlov\u011bk by se sebou m\u011bl b\u00fdt tak trochu nespokojen\u00fd.\nProto\u017ee nespokojenost je vlastn\u011b podstatou a motorem lidsk\u00e9ho byt\u00ed. Neust\u00e1le\nbychom pro sebe m\u011bli cht\u00edt n\u011bco nov\u00e9ho, n\u011bco lep\u0161\u00edho. M\u011bli bychom m\u00edt radost z <strong>pr\u00e1ce Most, pr\u00e1ce Chomutov, pr\u00e1ce T\u0159eb\u00ed\u010d,\npr\u00e1ce Kladno, pr\u00e1ce Klatovy, pr\u00e1ce Jablonec nad Nisou, pr\u00e1ce Rakovn\u00edk nebo\npr\u00e1ce Bene\u0161ov<\/strong>, kter\u00e1 bude je\u0161t\u011b lep\u0161\u00ed ne\u017e ta, kter\u00e1 n\u00e1s a\u017e dosud\nuspokojovala. Ne\u010dekejte, a\u017e v\u00e1s za\u010dne ub\u00edjet stereotyp v <strong>pr\u00e1ci<\/strong>, kter\u00e1 v\u00e1m neumo\u017e\u0148uje r\u016fst. V\u011b\u0159te, \u017ee pr\u00e1v\u011b te\u010f nastal \u010das\np\u0159ijmout novou<strong> nab\u00eddku pr\u00e1ce<\/strong> a za\u010d\u00edt\nlep\u0161\u00ed kari\u00e9ru, lep\u0161\u00ed \u017eivot.<\/p>\n","protected":false},"excerpt":{"rendered":"<p>Jste sice v pr\u00e1ci spokojeni, ale p\u0159esto jaksi tak n\u011bjak po o\u010dku kouk\u00e1te k soused\u016fm, jestli u nich nen\u00ed tr\u00e1va p\u0159ece jen trochu zelen\u011bj\u0161\u00ed? Ty tam jsou doby, kdy nedostatek pracovn\u00edch m\u00edst na trhu nutil \u010dlov\u011bka, aby si p\u0159\u00edli\u0161 nevyskakoval. Dnes je situace naprosto jin\u00e1. T\u00e9m\u011b\u0159 ka\u017ed\u00e1 firma hled\u00e1 nov\u00e9 zam\u011bstnance. A tak i vy, [&hellip;]<\/p>\n","protected":false},"author":1,"featured_media":19115,"comment_status":"open","ping_status":"open","sticky":false,"template":"","format":"standard","meta":{"_sitemap_exclude":false,"_sitemap_priority":"","_sitemap_frequency":"","tdm_status":"","tdm_grid_status":"","footnotes":""},"categories":[126],"tags":[],"class_list":["post-19113","post","type-post","status-publish","format-standard","has-post-thumbnail","category-ekonomika"],"_links":{"self":[{"href":"https:\/\/www.seznam-novinek.cz\/index.php?rest_route=\/wp\/v2\/posts\/19113","targetHints":{"allow":["GET"]}}],"collection":[{"href":"https:\/\/www.seznam-novinek.cz\/index.php?rest_route=\/wp\/v2\/posts"}],"about":[{"href":"https:\/\/www.seznam-novinek.cz\/index.php?rest_route=\/wp\/v2\/types\/post"}],"author":[{"embeddable":true,"href":"https:\/\/www.seznam-novinek.cz\/index.php?rest_route=\/wp\/v2\/users\/1"}],"replies":[{"embeddable":true,"href":"https:\/\/www.seznam-novinek.cz\/index.php?rest_route=%2Fwp%2Fv2%2Fcomments&post=19113"}],"version-history":[{"count":0,"href":"https:\/\/www.seznam-novinek.cz\/index.php?rest_route=\/wp\/v2\/posts\/19113\/revisions"}],"wp:featuredmedia":[{"embeddable":true,"href":"https:\/\/www.seznam-novinek.cz\/index.php?rest_route=\/wp\/v2\/media\/19115"}],"wp:attachment":[{"href":"https:\/\/www.seznam-novinek.cz\/index.php?rest_route=%2Fwp%2Fv2%2Fmedia&parent=19113"}],"wp:term":[{"taxonomy":"category","embeddable":true,"href":"https:\/\/www.seznam-novinek.cz\/index.php?rest_route=%2Fwp%2Fv2%2Fcategories&post=19113"},{"taxonomy":"post_tag","embeddable":true,"href":"https:\/\/www.seznam-novinek.cz\/index.php?rest_route=%2Fwp%2Fv2%2Ftags&post=19113"}],"curies":[{"name":"wp","href":"https:\/\/api.w.org\/{rel}","templated":true}]}}