{"id":19042,"date":"2018-10-21T09:01:27","date_gmt":"2018-10-21T09:01:27","guid":{"rendered":"http:\/\/www.seznam-novinek.cz.hyperion.blueboard.cz\/?p=19042"},"modified":"2018-10-21T09:01:27","modified_gmt":"2018-10-21T09:01:27","slug":"matrace-potrebuje-pravidelnou-peci","status":"publish","type":"post","link":"https:\/\/www.seznam-novinek.cz\/?p=19042","title":{"rendered":"Matrace pot\u0159ebuje pravidelnou p\u00e9\u010di"},"content":{"rendered":"<p><span style=\"font-weight: 400;\">Matraci je t\u0159eba \u010das od \u010dasu m\u011bnit. Jej\u00ed \u017eivotnost z\u00e1vis\u00ed na v\u00edce faktorech: \u010d\u00edm kvalitn\u011bj\u0161\u00ed matraci po\u0159\u00edd\u00edte, t\u00edm vy\u0161\u0161\u00ed \u017eivotnost by m\u011bla m\u00edt; osoby s\u00a0vy\u0161\u0161\u00ed hmotnost\u00ed by m\u011bli m\u011bnit matraci \u010dast\u011bji, nebo\u0165 jejich v\u00e1ha matraci v\u00edce zat\u011b\u017euje, a ta se tedy rychleji opot\u0159eb\u00ed; a co t\u0159eba no\u010dn\u00ed pocen\u00ed\u2026?<\/span><\/p>\n<p><span style=\"font-weight: 400;\">Kdy\u017e usoud\u00edte, \u017ee p\u0159i\u0161el \u010das po\u0159\u00eddit si matraci novou, jist\u011b budete hledat v\u00a0e-shopech, kter\u00e9 se na jejich prodej specializuj\u00ed, anebo se porad\u00edte v\u00a0prodejn\u011b, jak p\u0159i v\u00fdb\u011bru postupovat \u2013 n\u00e1kup\u00a0<\/span><span style=\"color: #0000ff;\"><a style=\"color: #0000ff;\" href=\"https:\/\/www.matrace-store.cz\/\"><span style=\"font-weight: 400;\">matrace<\/span><\/a><\/span><span style=\"font-weight: 400;\">\u00a0nen\u00ed zanedbateln\u00e1 investice, a proto je nezbytn\u00e9, abyste si za sv\u00e9 pen\u00edze p\u0159ivezli dom\u016f pro v\u00e1s to nejlep\u0161\u00ed. Mus\u00edte zvolit vhodn\u00fd materi\u00e1l, vybrat v\u00fd\u0161ku matrace, rozhodnout se, zda chcete m\u00edt i prac\u00ed potah nebo chr\u00e1ni\u010d matrace, p\u0159\u00edpadn\u011b p\u0159ist\u00fdlkovou matraci. Na nov\u00e9 matraci se v\u00e1\u0161 sp\u00e1nek v\u00fdrazn\u011b zlep\u0161\u00ed, r\u00e1no budete vst\u00e1vat \u010dil\u00ed a r\u016f\u017eol\u00edc\u00ed. Aby to v\u0161ak vydr\u017eelo co nejd\u00e9le, je nutn\u00e9 v\u011bnovat matraci pravidelnou p\u00e9\u010di a \u00fadr\u017ebu. Av\u0161ak v\u00edte jak na to?<\/span><\/p>\n<p><a href=\"http:\/\/www.seznam-novinek.cz.hyperion.blueboard.cz\/wp-content\/uploads\/2018\/10\/livemag-matracesiesta.jpg\"><img loading=\"lazy\" decoding=\"async\" class=\"alignnone size-large wp-image-19043\" src=\"http:\/\/www.seznam-novinek.cz.hyperion.blueboard.cz\/wp-content\/uploads\/2018\/10\/livemag-matracesiesta-1024x362.jpg\" alt=\"\" width=\"960\" height=\"339\" srcset=\"https:\/\/www.seznam-novinek.cz\/wp-content\/uploads\/2018\/10\/livemag-matracesiesta-1024x362.jpg 1024w, https:\/\/www.seznam-novinek.cz\/wp-content\/uploads\/2018\/10\/livemag-matracesiesta-300x106.jpg 300w, https:\/\/www.seznam-novinek.cz\/wp-content\/uploads\/2018\/10\/livemag-matracesiesta-768x271.jpg 768w, https:\/\/www.seznam-novinek.cz\/wp-content\/uploads\/2018\/10\/livemag-matracesiesta.jpg 1440w\" sizes=\"auto, (max-width: 960px) 100vw, 960px\" \/><\/a><\/p>\n<p><span style=\"font-weight: 400;\">P\u00e9\u010de o matraci<\/span><\/p>\n<p><span style=\"font-weight: 400;\">Dobrou p\u00e9\u010d\u00ed a \u00fadr\u017ebou je mo\u017en\u00e9 zna\u010dn\u011b prodlou\u017eit \u017eivotnost matrace.<\/span><\/p>\n<ul>\n<li style=\"font-weight: 400;\"><span style=\"font-weight: 400;\">Jako prvn\u00ed je d\u016fle\u017eit\u00e9 m\u00edt dobr\u00fd a odpov\u00eddaj\u00edc\u00ed ro\u0161t, na kter\u00e9m by matrace takzvan\u011b \u201esed\u011bla\u201c a nijak se \u010dasem nedeformovala.<\/span><\/li>\n<li style=\"font-weight: 400;\"><span style=\"font-weight: 400;\">Jestli\u017ee jste vybrali matraci s\u00a0prac\u00edm potahem, ud\u011blali jste velmi dob\u0159e. Jednak potah zachyt\u00ed v\u00e1\u0161 pot a matrace j\u00edm nenas\u00e1kne. Potah m\u016f\u017eete \u010dast\u011bji pr\u00e1t, \u010d\u00edm\u017e bude zaru\u010dena hygiena l\u016f\u017eka a zbav\u00edte se tak i p\u0159\u00edpadn\u00fdch rozto\u010d\u016f.<\/span><\/li>\n<li style=\"font-weight: 400;\"><span style=\"font-weight: 400;\">Pou\u017e\u00edvejte chr\u00e1ni\u010d matrace, kter\u00fd dok\u00e1\u017ee zabr\u00e1nit pr\u016fsaku tekutin \u2013 d\u00e1 se vyprat, av\u0161ak b\u011bhem dvou a\u017e t\u0159\u00ed let po\u0159i\u010fte nov\u00fd, \u010dasem ztr\u00e1c\u00ed na kvalit\u011b.<\/span><\/li>\n<li style=\"font-weight: 400;\"><span style=\"font-weight: 400;\">Vhodn\u00e9 je matraci ob\u010das ot\u00e1\u010det z\u00a0vrchn\u00ed strany na spodn\u00ed, ale tak\u00e9 \u201evzh\u016fru nohama\u201c, to znamen\u00e1 obr\u00e1tit matraci tak, abyste m\u011bli nohy tam, kde d\u0159\u00edve byla hlava. Tak m\u016f\u017eete zabr\u00e1nit p\u0159ed\u010dasn\u00e9mu prole\u017een\u00ed podle va\u0161eho t\u011bla.<\/span><\/li>\n<li style=\"font-weight: 400;\"><span style=\"font-weight: 400;\">Do matrace se \u010dasem dost\u00e1v\u00e1 \u0161p\u00edna a prach, proto je, hlavn\u011b z\u00a0hygienick\u00fdch d\u016fvod\u016f, dobr\u00e9 ji pravideln\u011b luxovat.<\/span><\/li>\n<li style=\"font-weight: 400;\"><span style=\"font-weight: 400;\">R\u00e1no nechte l\u016f\u017eko rozestlan\u00e9, aby se mohla odv\u011btrat vlhkost, vytvo\u0159en\u00e1 z potu. Ustelte a\u017e pozd\u011bji, matrace pot\u0159ebuje vzduch.<\/span><\/li>\n<li style=\"font-weight: 400;\"><span style=\"font-weight: 400;\">N\u011bkdy nechte vyv\u011btrat i samotnou matraci venku na vzduchu \u2013 vlhkost, kter\u00e1 se v\u00a0n\u00ed vytv\u00e1\u0159\u00ed, je ide\u00e1ln\u00ed prost\u0159ed\u00ed pro rozto\u010de.<\/span><\/li>\n<\/ul>\n<p><span style=\"font-weight: 400;\">Zd\u00e1 se v\u00e1m toho moc? Pro ty, kte\u0159\u00ed se staraj\u00ed pravideln\u011b o hygienu sv\u00e9ho domova, jsou uveden\u00e9 \u00fakony samoz\u0159ejmost\u00ed, a pro ty ostatn\u00ed mal\u00e1 rada: budete-li se o svou matraci dob\u0159e starat, odm\u011bn\u00ed se v\u00e1m dobr\u00fdm a zdrav\u00fdm sp\u00e1nkem a dlouhou \u017eivotnost\u00ed.<\/span><\/p>\n","protected":false},"excerpt":{"rendered":"<p>Matraci je t\u0159eba \u010das od \u010dasu m\u011bnit. Jej\u00ed \u017eivotnost z\u00e1vis\u00ed na v\u00edce faktorech: \u010d\u00edm kvalitn\u011bj\u0161\u00ed matraci po\u0159\u00edd\u00edte, t\u00edm vy\u0161\u0161\u00ed \u017eivotnost by m\u011bla m\u00edt; osoby s\u00a0vy\u0161\u0161\u00ed hmotnost\u00ed by m\u011bli m\u011bnit matraci \u010dast\u011bji, nebo\u0165 jejich v\u00e1ha matraci v\u00edce zat\u011b\u017euje, a ta se tedy rychleji opot\u0159eb\u00ed; a co t\u0159eba no\u010dn\u00ed pocen\u00ed\u2026? Kdy\u017e usoud\u00edte, \u017ee p\u0159i\u0161el \u010das po\u0159\u00eddit si [&hellip;]<\/p>\n","protected":false},"author":1,"featured_media":19044,"comment_status":"open","ping_status":"open","sticky":false,"template":"","format":"standard","meta":{"_sitemap_exclude":false,"_sitemap_priority":"","_sitemap_frequency":"","tdm_status":"","tdm_grid_status":"","footnotes":""},"categories":[124],"tags":[395,396],"class_list":["post-19042","post","type-post","status-publish","format-standard","has-post-thumbnail","category-bydleni","tag-pece-o-matraci","tag-zivotnost-matrace"],"_links":{"self":[{"href":"https:\/\/www.seznam-novinek.cz\/index.php?rest_route=\/wp\/v2\/posts\/19042","targetHints":{"allow":["GET"]}}],"collection":[{"href":"https:\/\/www.seznam-novinek.cz\/index.php?rest_route=\/wp\/v2\/posts"}],"about":[{"href":"https:\/\/www.seznam-novinek.cz\/index.php?rest_route=\/wp\/v2\/types\/post"}],"author":[{"embeddable":true,"href":"https:\/\/www.seznam-novinek.cz\/index.php?rest_route=\/wp\/v2\/users\/1"}],"replies":[{"embeddable":true,"href":"https:\/\/www.seznam-novinek.cz\/index.php?rest_route=%2Fwp%2Fv2%2Fcomments&post=19042"}],"version-history":[{"count":0,"href":"https:\/\/www.seznam-novinek.cz\/index.php?rest_route=\/wp\/v2\/posts\/19042\/revisions"}],"wp:featuredmedia":[{"embeddable":true,"href":"https:\/\/www.seznam-novinek.cz\/index.php?rest_route=\/wp\/v2\/media\/19044"}],"wp:attachment":[{"href":"https:\/\/www.seznam-novinek.cz\/index.php?rest_route=%2Fwp%2Fv2%2Fmedia&parent=19042"}],"wp:term":[{"taxonomy":"category","embeddable":true,"href":"https:\/\/www.seznam-novinek.cz\/index.php?rest_route=%2Fwp%2Fv2%2Fcategories&post=19042"},{"taxonomy":"post_tag","embeddable":true,"href":"https:\/\/www.seznam-novinek.cz\/index.php?rest_route=%2Fwp%2Fv2%2Ftags&post=19042"}],"curies":[{"name":"wp","href":"https:\/\/api.w.org\/{rel}","templated":true}]}}