{"id":18347,"date":"2018-01-24T15:50:35","date_gmt":"2018-01-24T15:50:35","guid":{"rendered":"http:\/\/www.seznam-novinek.cz.hyperion.blueboard.cz\/?p=18347"},"modified":"2018-09-28T20:56:55","modified_gmt":"2018-09-28T20:56:55","slug":"lyzovani-beskydech-kam-se-vydat","status":"publish","type":"post","link":"https:\/\/www.seznam-novinek.cz\/?p=18347","title":{"rendered":"Ly\u017eov\u00e1n\u00ed v Beskydech \u2013 kam se vydat?"},"content":{"rendered":"<p><span style=\"font-weight: 400;\">Na zimu se t\u011b\u0161il skute\u010dn\u011b ka\u017ed\u00fd z\u00a0n\u00e1s. Nen\u00ed se \u010demu divit, v\u017edy\u0165 je to obdob\u00ed, kter\u00e9 je naprosto kouzeln\u00e9. Nejen, \u017ee jsou v\u00a0tomto ro\u010dn\u00edm obdob\u00ed V\u00e1noce, ale taky se m\u016f\u017eeme radovat ze zimn\u00edch radov\u00e1nek \u2013 koulujeme, stav\u00edme sn\u011bhul\u00e1ky a hlavn\u011b si u\u017e\u00edv\u00e1me zimn\u00edch sport\u016f, s\u00a0nimi\u017e bude pak po dal\u0161\u00edch dev\u011bt m\u011bs\u00edc\u016f \u00e1men. Jezdit se hojn\u011b jezd\u00ed na Lipno, ale taky jsou obl\u00edben\u00e9 Beskydy. <\/span> <span style=\"font-weight: 400;\">Samoz\u0159ejm\u011b takov\u00fdch horsk\u00fdch oblast\u00ed je u n\u00e1s mnoho. Ka\u017ed\u00fd m\u00e1 zamilovanou jinou, ka\u017ed\u00fd rok co rok jezd\u00ed n\u011bkam jinam. Pokud tou\u017e\u00edte po zm\u011bn\u011b, zkuste letos Beskydy, pokud to tedy nen\u00ed oblast, kam se pravideln\u011b rok co rok vrac\u00edte. Porad\u00edme v\u00e1m, kde se ubytovat a kde za\u017eijete to nejlep\u0161\u00ed ly\u017eov\u00e1n\u00ed. <\/span><\/p>\n<h2><strong>Kde v\u00a0Beskydech za\u017eiji to nejlep\u0161\u00ed ly\u017eov\u00e1n\u00ed?<\/strong><\/h2>\n<p><span style=\"font-weight: 400;\">Do Beskyd se jezd\u00ed hlavn\u011b za Lysou horou, co\u017e je nejvy\u0161\u0161\u00ed vrchol Moravskoslezsk\u00fdch Beskyd. Pr\u00e1v\u011b sem se vyd\u00e1v\u00e1 hromada turist\u016f, kte\u0159\u00ed cht\u011bj\u00ed vid\u011bt, jak Beskydy vypadaj\u00ed z\u00a0vrcholu t\u00e9to hory. V\u00a0zim\u011b se v\u0161ak do Beskyd jezd\u00ed i <\/span><strong>za ly\u017eov\u00e1n\u00edm<\/strong><span style=\"font-weight: 400;\">, proto\u017ee je zde plno zaj\u00edmav\u00fdch ly\u017ea\u0159sk\u00fdch are\u00e1l\u016f.<\/span> <a href=\"http:\/\/www.seznam-novinek.cz.hyperion.blueboard.cz\/wp-content\/uploads\/2018\/01\/krasne-hory.jpg\"><img loading=\"lazy\" decoding=\"async\" class=\"alignnone size-large wp-image-18349\" src=\"http:\/\/www.seznam-novinek.cz.hyperion.blueboard.cz\/wp-content\/uploads\/2018\/01\/krasne-hory-1024x682.jpg\" alt=\"\" width=\"960\" height=\"639\" srcset=\"https:\/\/www.seznam-novinek.cz\/wp-content\/uploads\/2018\/01\/krasne-hory-1024x682.jpg 1024w, https:\/\/www.seznam-novinek.cz\/wp-content\/uploads\/2018\/01\/krasne-hory-300x200.jpg 300w, https:\/\/www.seznam-novinek.cz\/wp-content\/uploads\/2018\/01\/krasne-hory-768x512.jpg 768w, https:\/\/www.seznam-novinek.cz\/wp-content\/uploads\/2018\/01\/krasne-hory.jpg 1920w\" sizes=\"auto, (max-width: 960px) 100vw, 960px\" \/><\/a> <span style=\"font-weight: 400;\">Pokud si jedete do Beskyd zaly\u017eovat i s\u00a0d\u011btmi, m\u011bli byset se vydat do Star\u00e9 Hamry. Pr\u00e1v\u011b zde si u\u017eijete skute\u010dn\u011b kr\u00e1sn\u00e9 celodenn\u00ed ly\u017eov\u00e1n\u00ed, kter\u00e9 je zde p\u0159izp\u016fsobeno i d\u011btem. Pokud se vyd\u00e1te ly\u017eovat do \u010celadn\u00e9, do Malenovic nebo do okol\u00ed Fr\u00fddku-M\u00edstku, u\u017eijete si ly\u017eov\u00e1n\u00ed s\u00a0neopakovateln\u00fdmi v\u00fdhledy na Lysou horu, kam se v\u00a0dob\u011b, kdy vy budete ly\u017eovat, pohrnou stovky turist\u016f, kte\u0159\u00ed se na v\u00e1s zase budou d\u00edvat z\u00a0tohoto vrcholu. <\/span><\/p>\n<h2><strong>Kde se v\u00a0Beskydech ubytuji?<\/strong><\/h2>\n<p><span style=\"font-weight: 400;\">Beskydy ka\u017ed\u00fdm rokem v\u00edtaj\u00ed tis\u00edcovky turist\u016f. N\u011bkte\u0159\u00ed zde str\u00e1v\u00ed den, jin\u00ed dokonce t\u00fdden i \u010dtrn\u00e1ct dn\u00ed. <\/span><span style=\"text-decoration: underline;\"><a href=\"https:\/\/hotel.sepetna.cz\/\"><span style=\"font-weight: 400;\">Beskydy<\/span><\/a><\/span><span style=\"font-weight: 400;\"> zkr\u00e1tka maj\u00ed co nab\u00eddnout, proto byste m\u011bli v\u011bd\u011bt, kde se vlastn\u011b m\u016f\u017eete ubytovat. Doporu\u010dujeme se ubytovat v\u00a0<\/span><span style=\"text-decoration: underline;\"><a href=\"https:\/\/relax.sepetna.cz\/\"><span style=\"font-weight: 400;\">rekrea\u010dn\u00edm centru Sepetn\u00e1<\/span><\/a><\/span><span style=\"font-weight: 400;\">, co\u017e je kr\u00e1sn\u00e9 st\u0159edisko pln\u00e9 r\u016fzn\u00fdch mo\u017enost\u00ed ubytov\u00e1n\u00ed. Ubytovat se zde m\u016f\u017eete nejen v\u00a0hotelu, ale taky v\u00a0<\/span><span style=\"text-decoration: underline;\"><a href=\"https:\/\/slunicko-penzion.cz\/\"><span style=\"font-weight: 400;\">penzionu<\/span><\/a><\/span><span style=\"font-weight: 400;\">, v\u00a0chat\u011b nebo v\u00a0bungalovu.<\/span><\/p>\n","protected":false},"excerpt":{"rendered":"<p>Na zimu se t\u011b\u0161il skute\u010dn\u011b ka\u017ed\u00fd z\u00a0n\u00e1s. Nen\u00ed se \u010demu divit, v\u017edy\u0165 je to obdob\u00ed, kter\u00e9 je naprosto kouzeln\u00e9. Nejen, \u017ee jsou v\u00a0tomto ro\u010dn\u00edm obdob\u00ed V\u00e1noce, ale taky se m\u016f\u017eeme radovat ze zimn\u00edch radov\u00e1nek \u2013 koulujeme, stav\u00edme sn\u011bhul\u00e1ky a hlavn\u011b si u\u017e\u00edv\u00e1me zimn\u00edch sport\u016f, s\u00a0nimi\u017e bude pak po dal\u0161\u00edch dev\u011bt m\u011bs\u00edc\u016f \u00e1men. Jezdit se hojn\u011b [&hellip;]<\/p>\n","protected":false},"author":1,"featured_media":18348,"comment_status":"open","ping_status":"open","sticky":false,"template":"","format":"standard","meta":{"_sitemap_exclude":false,"_sitemap_priority":"","_sitemap_frequency":"","tdm_status":"","tdm_grid_status":"","footnotes":""},"categories":[125],"tags":[390,391],"class_list":["post-18347","post","type-post","status-publish","format-standard","has-post-thumbnail","category-cestovani","tag-beskydy","tag-sepetna"],"_links":{"self":[{"href":"https:\/\/www.seznam-novinek.cz\/index.php?rest_route=\/wp\/v2\/posts\/18347","targetHints":{"allow":["GET"]}}],"collection":[{"href":"https:\/\/www.seznam-novinek.cz\/index.php?rest_route=\/wp\/v2\/posts"}],"about":[{"href":"https:\/\/www.seznam-novinek.cz\/index.php?rest_route=\/wp\/v2\/types\/post"}],"author":[{"embeddable":true,"href":"https:\/\/www.seznam-novinek.cz\/index.php?rest_route=\/wp\/v2\/users\/1"}],"replies":[{"embeddable":true,"href":"https:\/\/www.seznam-novinek.cz\/index.php?rest_route=%2Fwp%2Fv2%2Fcomments&post=18347"}],"version-history":[{"count":0,"href":"https:\/\/www.seznam-novinek.cz\/index.php?rest_route=\/wp\/v2\/posts\/18347\/revisions"}],"wp:featuredmedia":[{"embeddable":true,"href":"https:\/\/www.seznam-novinek.cz\/index.php?rest_route=\/wp\/v2\/media\/18348"}],"wp:attachment":[{"href":"https:\/\/www.seznam-novinek.cz\/index.php?rest_route=%2Fwp%2Fv2%2Fmedia&parent=18347"}],"wp:term":[{"taxonomy":"category","embeddable":true,"href":"https:\/\/www.seznam-novinek.cz\/index.php?rest_route=%2Fwp%2Fv2%2Fcategories&post=18347"},{"taxonomy":"post_tag","embeddable":true,"href":"https:\/\/www.seznam-novinek.cz\/index.php?rest_route=%2Fwp%2Fv2%2Ftags&post=18347"}],"curies":[{"name":"wp","href":"https:\/\/api.w.org\/{rel}","templated":true}]}}