{"id":17874,"date":"2016-09-07T13:32:08","date_gmt":"2016-09-07T12:32:08","guid":{"rendered":"http:\/\/ceskymagazin.cz\/?p=17874"},"modified":"2018-09-28T20:58:43","modified_gmt":"2018-09-28T20:58:43","slug":"vedeni-ucetnictvi","status":"publish","type":"post","link":"https:\/\/www.seznam-novinek.cz\/?p=17874","title":{"rendered":"Veden\u00ed \u00fa\u010detnictv\u00ed"},"content":{"rendered":"<p>&nbsp;<\/p>\n<p><span style=\"font-weight: 400;\">V\u0161e, co v dne\u0161n\u00ed dob\u011b souvis\u00ed s veden\u00edm samotn\u00e9ho \u00fa\u010detnictv\u00ed, \u00fa\u010detn\u00ed agendy, nebo pop\u0159\u00edpad\u011b s auditem, je, co se t\u00fd\u010de administrativn\u00ed z\u00e1t\u011b\u017ee a odpov\u011bdnosti velmi slo\u017eit\u00e9 a \u010dasov\u011b n\u00e1ro\u010dn\u00e9, jeliko\u017e se t\u00e9m\u011b\u0159 ka\u017ed\u00fd rok, setk\u00e1v\u00e1me s novinkami, kter\u00e9 si na n\u00e1s st\u00e1t p\u0159ichyst\u00e1, nemluv\u011b o leto\u0161n\u00edm roku, kter\u00fd je co se t\u00fd\u010de novinek v da\u0148ov\u00e9m sv\u011bt\u011b, velmi \u00farodn\u00fd. Ov\u0161em, zapom\u00ednat tak\u00e9 nesm\u00edme ani na to, co s sebou p\u0159in\u00e1\u0161\u00ed da\u0148ov\u00e1 evidence a v\u0161e s n\u00ed spojen\u00e9. Ve\u0161ker\u00e9, tyto vyjmenovan\u00e9 v\u011bci, s sebou nesou tak\u00e9 velkou zodpov\u011bdnost a administrativn\u00ed z\u00e1t\u011b\u017e, jak ji\u017e jsme zmi\u0148ovala v \u00favodu. Zejm\u00e9na z tohoto d\u016fvodu, v\u011bt\u0161ina st\u0159edn\u00edch a v\u011bt\u0161\u00edch firem vol\u00ed mo\u017enost sv\u011b\u0159it veden\u00ed \u00fa\u010detnictv\u00ed a da\u0148ov\u00e9 evidence, pr\u00e1v\u011b do rukou odborn\u00edk\u016f. Tedy, do rukou mal\u00fdch firem, \u017eivnostn\u00edk\u016f, \u010di velk\u00fdch spole\u010dnost\u00ed, zab\u00fdvaj\u00edc\u00edch se veden\u00edm \u00fa\u010detnictv\u00ed a v\u0161\u00edm, co s \u00fa\u010detnictv\u00edm souvis\u00ed.<\/span><\/p>\n<h2><b>V\u00fdhody extern\u00edho veden\u00ed \u00fa\u010detnictv\u00ed<\/b><\/h2>\n<p><span style=\"font-weight: 400;\">Mezi obrovskou v\u00fdhodu pat\u0159\u00ed zejm\u00e9na fakt, \u017ee pr\u00e1ce t\u00fdkaj\u00edc\u00ed se veden\u00ed \u00fa\u010detnictv\u00ed je velice n\u00e1ro\u010dn\u00e1 a \u017e\u00e1d\u00e1 si kvalitn\u00ed a profesion\u00e1ln\u00ed veden\u00ed, jeliko\u017e, zde nen\u00ed prostor pro chybov\u00e1n\u00ed. Pokud se p\u0159ed\u010dasn\u011b ohl\u00e9dneme za rokem 2016, tak ten s sebou p\u0159inesl spoustu zm\u011bn, t\u00fdkaj\u00edc\u00edch se pr\u00e1v\u011b veden\u00ed \u00fa\u010detnictv\u00ed. Na pam\u011bti snad ka\u017ed\u00fd z n\u00e1s m\u00e1 je\u0161t\u011b zaveden\u00ed kontroln\u00edho hl\u00e1\u0161en\u00ed, \u010di tolik prob\u00edran\u00e9 t\u00e9ma elektronick\u00e9 evidence tr\u017eeb. \u010ci nap\u0159\u00edklad pro mnoh\u00e9 ban\u00e1ln\u00ed zm\u011bny ve sm\u011brn\u00e9 \u00fa\u010dtov\u00e9 osnov\u011b.<\/span><\/p>\n<p><img loading=\"lazy\" decoding=\"async\" class=\"alignnone size-medium wp-image-17875\" src=\"http:\/\/www.seznam-novinek.cz.hyperion.blueboard.cz\/wp-content\/uploads\/2016\/09\/sporiciucty2-672x381-300x170.jpg\" alt=\"\u00fa\u010detnictv\u00ed\" width=\"300\" height=\"170\" srcset=\"https:\/\/www.seznam-novinek.cz\/wp-content\/uploads\/2016\/09\/sporiciucty2-672x381-300x170.jpg 300w, https:\/\/www.seznam-novinek.cz\/wp-content\/uploads\/2016\/09\/sporiciucty2-672x381.jpg 672w\" sizes=\"auto, (max-width: 300px) 100vw, 300px\" \/><\/p>\n<h2><b>V<\/b><b>eden\u00ed \u00fa\u010detnictv\u00ed a jeho zm\u011bny\u00a0<\/b><\/h2>\n<p>Je ov\u0161em t\u0159eba na tyto zm\u011bny rychle re<span style=\"font-weight: 400;\">agovat a nau\u010dit se s nimi pracovat, co nejd\u0159\u00edve. Jeliko\u017e lh\u016fty instituc\u00ed st\u00e1tn\u00ed spr\u00e1vy jsou v mnoha p\u0159\u00edpadech \u0161ibeni\u010dn\u00ed. Nen\u00ed se tedy \u010demu divit, \u017ee st\u00e1le v\u00edce lid\u00ed se obrac\u00ed na extern\u00ed zpracovatele jejich \u00fa\u010detnictv\u00ed, mzdov\u00e9 agendy, nebo samotn\u00e9ho auditu. Firmy si mohou vybrat, do jak\u00fdch rukou sv\u00e9 finance sv\u011b\u0159\u00ed. V\u011bt\u0161ina firem, kter\u00e1 se pr\u00e1v\u011b zpracov\u00e1n\u00edm \u00fa\u010detnictv\u00ed \u010di da\u0148ov\u00e9 evidence zab\u00fdv\u00e1, nab\u00edz\u00ed opravdu ve\u0161ker\u00e9 slu\u017eby, kter\u00e9 si m\u016f\u017ee \u010dlov\u011bk p\u0159edstavit. Nap\u0159\u00edklad, komunikuje s \u00fa\u0159ady a institucemi, prov\u00e1d\u00ed odborn\u00fd dohled, nab\u00edz\u00ed individu\u00e1ln\u00ed slu\u017eby, zastupuje firmy a podnikatele p\u0159ed \u00fa\u0159ady a podobn\u011b. Jedn\u00e1 se jedn\u00edm slovem o velmi rychl\u00e9 a kvalitn\u00ed slu\u017eby, kter\u00e9 n\u00e1m u\u0161et\u0159\u00ed spoustu \u010dasu, ba dokonce i pen\u011bz.<\/span><\/p>\n<h2 style=\"text-align: right;\"><span style=\"font-size: 8pt;\">Redakce <a href=\"https:\/\/press-media.cz\/kontaktni-formular\/\">Press-Media<\/a><\/span><\/h2>\n<h2 style=\"text-align: right;\"><span style=\"font-size: 8pt;\">Doporu\u010duje dal\u0161\u00ed zaj\u00edmav\u00e9 \u010dl\u00e1nky na medi\u00edch<\/span><\/h2>\n<h2 style=\"text-align: right;\"><span style=\"font-size: 8pt;\"><a href=\"https:\/\/press-media.cz\/\">Press-Media.cz<\/a><\/span><\/h2>\n<h2 style=\"text-align: right;\"><span style=\"font-size: 8pt;\"><a href=\"https:\/\/centrum-zpravy.cz\/\">Centrum-Zpr\u00e1vy.cz<\/a><\/span><\/h2>\n<h2 style=\"text-align: right;\"><span style=\"font-size: 8pt;\"><a href=\"http:\/\/www.seznam-novinek.cz.hyperion.blueboard.cz\/\">Seznam-Novinek.cz<\/a><\/span><\/h2>\n","protected":false},"excerpt":{"rendered":"<p>&nbsp; V\u0161e, co v dne\u0161n\u00ed dob\u011b souvis\u00ed s veden\u00edm samotn\u00e9ho \u00fa\u010detnictv\u00ed, \u00fa\u010detn\u00ed agendy, nebo pop\u0159\u00edpad\u011b s auditem, je, co se t\u00fd\u010de administrativn\u00ed z\u00e1t\u011b\u017ee a odpov\u011bdnosti velmi slo\u017eit\u00e9 a \u010dasov\u011b n\u00e1ro\u010dn\u00e9, jeliko\u017e se t\u00e9m\u011b\u0159 ka\u017ed\u00fd rok, setk\u00e1v\u00e1me s novinkami, kter\u00e9 si na n\u00e1s st\u00e1t p\u0159ichyst\u00e1, nemluv\u011b o leto\u0161n\u00edm roku, kter\u00fd je co se t\u00fd\u010de novinek v [&hellip;]<\/p>\n","protected":false},"author":1,"featured_media":17876,"comment_status":"open","ping_status":"open","sticky":false,"template":"","format":"standard","meta":{"_sitemap_exclude":false,"_sitemap_priority":"","_sitemap_frequency":"","tdm_status":"","tdm_grid_status":"","footnotes":""},"categories":[126],"tags":[288,301],"class_list":["post-17874","post","type-post","status-publish","format-standard","has-post-thumbnail","category-ekonomika","tag-ucetnictvi","tag-vedeni-ucetnictvi"],"_links":{"self":[{"href":"https:\/\/www.seznam-novinek.cz\/index.php?rest_route=\/wp\/v2\/posts\/17874","targetHints":{"allow":["GET"]}}],"collection":[{"href":"https:\/\/www.seznam-novinek.cz\/index.php?rest_route=\/wp\/v2\/posts"}],"about":[{"href":"https:\/\/www.seznam-novinek.cz\/index.php?rest_route=\/wp\/v2\/types\/post"}],"author":[{"embeddable":true,"href":"https:\/\/www.seznam-novinek.cz\/index.php?rest_route=\/wp\/v2\/users\/1"}],"replies":[{"embeddable":true,"href":"https:\/\/www.seznam-novinek.cz\/index.php?rest_route=%2Fwp%2Fv2%2Fcomments&post=17874"}],"version-history":[{"count":0,"href":"https:\/\/www.seznam-novinek.cz\/index.php?rest_route=\/wp\/v2\/posts\/17874\/revisions"}],"wp:featuredmedia":[{"embeddable":true,"href":"https:\/\/www.seznam-novinek.cz\/index.php?rest_route=\/wp\/v2\/media\/17876"}],"wp:attachment":[{"href":"https:\/\/www.seznam-novinek.cz\/index.php?rest_route=%2Fwp%2Fv2%2Fmedia&parent=17874"}],"wp:term":[{"taxonomy":"category","embeddable":true,"href":"https:\/\/www.seznam-novinek.cz\/index.php?rest_route=%2Fwp%2Fv2%2Fcategories&post=17874"},{"taxonomy":"post_tag","embeddable":true,"href":"https:\/\/www.seznam-novinek.cz\/index.php?rest_route=%2Fwp%2Fv2%2Ftags&post=17874"}],"curies":[{"name":"wp","href":"https:\/\/api.w.org\/{rel}","templated":true}]}}