{"id":149,"date":"2016-02-10T13:32:34","date_gmt":"2016-02-10T13:32:34","guid":{"rendered":"http:\/\/www.seznam-novinek.cz.hyperion.blueboard.cz\/?p=149"},"modified":"2018-09-28T20:58:05","modified_gmt":"2018-09-28T20:58:05","slug":"co-vas-ceka-v-galerie-praha","status":"publish","type":"post","link":"https:\/\/www.seznam-novinek.cz\/?p=149","title":{"rendered":"Co v\u00e1s \u010dek\u00e1 v galerie Praha?"},"content":{"rendered":"<p><span style=\"font-weight: 400;\"><span style=\"color: #000000;\">Galerie Praha <\/span>je m\u00edsto, kam si m\u016f\u017eete j\u00edt oddechnout a z\u00e1rove\u0148 si prohl\u00e9dnout d\u00edla modern\u00edch i d\u00e1vn\u00fdch um\u011blc\u016f. Galerie Praha nab\u00edz\u00ed expozici obraz\u016f, soch, fotografi\u00ed, r\u016fzn\u00fdch ilustrac\u00ed \u010di u\u017eit\u00e9 um\u011bn\u00ed.<\/span><\/p>\n<h2><b>V\u00edte, \u017ee u\u017eit\u00e9 um\u011bn\u00ed pro v\u00e1s p\u0159ipravila galerie Praha? <\/b><\/h2>\n<p><span style=\"font-weight: 400;\">Pod pojmem u\u017eit\u00e9 um\u011bn\u00ed je zahrnuta tvorba p\u0159edm\u011bt\u016f i v\u00fdrobk\u016f pro b\u011b\u017en\u00e9 i ka\u017edodenn\u00ed pot\u0159eby, kter\u00e9 maj\u00ed hodnotu estetickou.<\/span><\/p>\n<figure id=\"attachment_150\" aria-describedby=\"caption-attachment-150\" style=\"width: 300px\" class=\"wp-caption alignnone\"><a href=\"http:\/\/www.seznam-novinek.cz.hyperion.blueboard.cz\/wp-content\/uploads\/2016\/02\/galerie_img_1407.jpg\"><img loading=\"lazy\" decoding=\"async\" class=\"size-medium wp-image-150\" src=\"http:\/\/www.seznam-novinek.cz.hyperion.blueboard.cz\/wp-content\/uploads\/2016\/02\/galerie_img_1407-300x258.jpg\" alt=\"Galerie Praha\" width=\"300\" height=\"258\" srcset=\"https:\/\/www.seznam-novinek.cz\/wp-content\/uploads\/2016\/02\/galerie_img_1407-300x258.jpg 300w, https:\/\/www.seznam-novinek.cz\/wp-content\/uploads\/2016\/02\/galerie_img_1407-1024x881.jpg 1024w, https:\/\/www.seznam-novinek.cz\/wp-content\/uploads\/2016\/02\/galerie_img_1407.jpg 1400w\" sizes=\"auto, (max-width: 300px) 100vw, 300px\" \/><\/a><figcaption id=\"caption-attachment-150\" class=\"wp-caption-text\">Galerie Praha<\/figcaption><\/figure>\n<h2><b>Ji\u017e jste nav\u0161t\u00edvili galerie Praha?<\/b><\/h2>\n<p><span style=\"font-weight: 400;\">Nav\u0161t\u011bvujete <span style=\"color: #0000ff;\"><a style=\"color: #0000ff;\" href=\"https:\/\/press-media.cz\">galerie Praha<\/a> <\/span>pravideln\u011b, nebo jste je\u0161t\u011b nem\u011bli p\u0159\u00edle\u017eitost? U\u017eijete si tichou atmosf\u00e9ru za poslechu tlumen\u00e9 hudby a z\u00e1rove\u0148 se m\u016f\u017eete zastavovat nad vystaven\u00fdmi um\u011bleck\u00fdmi p\u0159edm\u011bty, kter\u00e9 si ka\u017ed\u00fd prohl\u00ed\u017e\u00ed ti\u0161e a sv\u016fj n\u00e1zor si takt\u00e9\u017e nech\u00e1 pro sebe.<\/span><span style=\"font-weight: 400;\"><br \/>\n<\/span><span style=\"font-weight: 400;\">Ka\u017ed\u00e1 vystaven\u00e1 sou\u010d\u00e1st n\u011bjak\u00e9ho um\u011bn\u00ed na v\u00e1s mus\u00ed n\u011bjak\u00fdm zp\u016fsobem zap\u016fsobit, jin\u00e1 v\u00e1s naopak za \u017e\u00e1dnou cenu nenadchne. <\/span><span style=\"font-weight: 400;\"><br \/>\n<\/span><span style=\"font-weight: 400;\">V n\u011bkter\u00e9 galerii se budete c\u00edtit jako doma, v jin\u00e9 v\u00e1m bude v\u0161e p\u0159ipadat ciz\u00ed, a tak to m\u00e1 b\u00fdt.<\/span><span style=\"font-weight: 400;\"><br \/>\n<\/span><span style=\"font-weight: 400;\"><br \/>\n<\/span><span style=\"font-weight: 400;\">Vyb\u00edrat si n\u00e1v\u0161t\u011bvu konkr\u00e9tn\u00ed galerie Praha m\u016f\u017eete podle sv\u00e9ho vkusu, sv\u00fdch z\u00e1jm\u016f i p\u0159\u00e1n\u00ed. \u010cek\u00e1te roky, ne\u017e se u n\u00e1s objev\u00ed obraz \u010di d\u00edlo kter\u00e9 tou\u017e\u00edte vid\u011bt na vlastn\u00ed o\u010di? Jist\u011b budete mezi prvn\u00edmi n\u00e1v\u0161t\u011bvn\u00edky. Vstupenkou do galerie na vernis\u00e1\u017e \u010di zaj\u00edmavou v\u00fdstavu jist\u011b ud\u011bl\u00e1te radost i p\u0159\u00edtelkyni \u010di klient\u016fm.<\/span><span style=\"font-weight: 400;\"><br \/>\n<\/span><span style=\"font-weight: 400;\"><br \/>\n<\/span><span style=\"font-weight: 400;\">Jste znud\u011bni pochmurn\u00fdmi dny? Nese\u010fte na gau\u010di, vyrazte ven, n\u00e1v\u0161t\u011bva<span style=\"color: #0000ff;\"><a style=\"color: #0000ff;\" href=\"https:\/\/40plus.cz\"> galerie Praha<\/a><\/span> je skv\u011bl\u00fd tip, jak si u\u017e\u00edt odpoledne a p\u0159itom se neunavit. V\u00fdstava origin\u00e1ln\u00edch obraz\u016f b\u00fdv\u00e1 mnohdy zaj\u00edmav\u011bj\u0161\u00ed, a o\u010dek\u00e1vat pr\u00e1v\u011b n\u011bjak\u00e9 konkr\u00e9tn\u00ed d\u00edlo je z\u00e1\u017eitek, kter\u00fd v\u00e1s napln\u00ed. Mo\u017en\u00e1 se za\u010dnete o um\u011bn\u00ed zaj\u00edmat hloub\u011bji a ji\u017e nebudete lhostejn\u011b p\u0159ech\u00e1zet obrazy vis\u00edc\u00ed v\u00e1m doma.<\/span><span style=\"font-weight: 400;\"><br \/>\n<\/span><span style=\"font-weight: 400;\">Ka\u017ed\u00fd obraz v\u00e1m d\u00e1 d\u016fvod zamyslet se nad jednotliv\u00fdmi tahy \u0161t\u011btcem \u010di pochopit z\u00e1m\u011br ur\u010dit\u00e9ho autora. Galerie je zkr\u00e1tka m\u00edsto, kde m\u00e1te mo\u017enost poznat n\u011bco, co jste dosud neza\u017eili nebo nevid\u011bli.<\/span><span style=\"font-weight: 400;\"><br \/>\n<\/span><\/p>\n<h1>Galerie Kodl<\/h1>\n<p>N\u00e1rodn\u00ed 7, Praha 1, 110 00<\/p>\n<p><strong>Otev\u00edrac\u00ed doba: <\/strong><br \/>\n<strong>Po &#8211; P\u00e1 10:00 &#8211; 18:00 hod.<\/strong><\/p>\n<p><strong>tel.:<\/strong> +420 251 512 728<br \/>\n<strong>mobil:<\/strong> +420 602 327 669<br \/>\n<strong>e-mail:<\/strong> galerie@galeriekodl.cz<br \/>\n<strong>web:<\/strong> www.galeriekodl.cz<\/p>\n","protected":false},"excerpt":{"rendered":"<p>Co v\u00e1s \u010dek\u00e1 v galerie Praha<\/p>\n","protected":false},"author":1,"featured_media":151,"comment_status":"open","ping_status":"open","sticky":false,"template":"","format":"standard","meta":{"_sitemap_exclude":false,"_sitemap_priority":"","_sitemap_frequency":"","tdm_status":"","tdm_grid_status":"","footnotes":""},"categories":[2],"tags":[53,51,52],"class_list":["post-149","post","type-post","status-publish","format-standard","has-post-thumbnail","category-novinky","tag-aukcni-sin","tag-galerie-praha","tag-vystavni-sin"],"_links":{"self":[{"href":"https:\/\/www.seznam-novinek.cz\/index.php?rest_route=\/wp\/v2\/posts\/149","targetHints":{"allow":["GET"]}}],"collection":[{"href":"https:\/\/www.seznam-novinek.cz\/index.php?rest_route=\/wp\/v2\/posts"}],"about":[{"href":"https:\/\/www.seznam-novinek.cz\/index.php?rest_route=\/wp\/v2\/types\/post"}],"author":[{"embeddable":true,"href":"https:\/\/www.seznam-novinek.cz\/index.php?rest_route=\/wp\/v2\/users\/1"}],"replies":[{"embeddable":true,"href":"https:\/\/www.seznam-novinek.cz\/index.php?rest_route=%2Fwp%2Fv2%2Fcomments&post=149"}],"version-history":[{"count":0,"href":"https:\/\/www.seznam-novinek.cz\/index.php?rest_route=\/wp\/v2\/posts\/149\/revisions"}],"wp:featuredmedia":[{"embeddable":true,"href":"https:\/\/www.seznam-novinek.cz\/index.php?rest_route=\/wp\/v2\/media\/151"}],"wp:attachment":[{"href":"https:\/\/www.seznam-novinek.cz\/index.php?rest_route=%2Fwp%2Fv2%2Fmedia&parent=149"}],"wp:term":[{"taxonomy":"category","embeddable":true,"href":"https:\/\/www.seznam-novinek.cz\/index.php?rest_route=%2Fwp%2Fv2%2Fcategories&post=149"},{"taxonomy":"post_tag","embeddable":true,"href":"https:\/\/www.seznam-novinek.cz\/index.php?rest_route=%2Fwp%2Fv2%2Ftags&post=149"}],"curies":[{"name":"wp","href":"https:\/\/api.w.org\/{rel}","templated":true}]}}